{"id":83,"date":"2015-07-29T09:38:45","date_gmt":"2015-07-29T09:38:45","guid":{"rendered":"http:\/\/ppg-foerderverein.de\/?p=83"},"modified":"2015-07-29T09:38:45","modified_gmt":"2015-07-29T09:38:45","slug":"dankeschoen","status":"publish","type":"post","link":"http:\/\/ppg-foerderverein.de\/?p=83","title":{"rendered":"Dankesch\u00f6n"},"content":{"rendered":"<p>Nachdem wir letztes Wochenden zun\u00e4chst mit einer Sturmwarnung um unser sonst so von gutem Wetter verw\u00f6hntes Schulfest bangen mussten, darf ich heute auf ein erfolgreiches Schulfest 2015 zur\u00fcckblicken. Auch wenn wir aufgrund dieser Sturmwarnung r\u00e4umlich umdisponieren mussten, f\u00fchrte dies zu keiner gro\u00dfen Beeintr\u00e4chtigung des Festes.<br \/>\nAn dieser Stelle gilt meine herzlicher Dank all den vielen Helfern an diesem Tag. Ohne sie w\u00e4re ein solches Schulfest \u00fcberhaupt gar nicht m\u00f6glich. Denjenigen, die mehr als nur die vorgesehene Schicht absolvierten, gilt umso mehr mein Dank, aber auch allen regul\u00e4ren Herlfern wie auch den Springern, die mir ihre Unterst\u00fctzung anboten, welche dann oftmals zum Gl\u00fcck nicht gebraucht wurde. Es ist aus Sicht des Vereins nun einmal besser, jemanden zu viel auf das Fest entlassen zu k\u00f6nnen, als einen zu wenig auf dem Fest zu ben\u00f6tigen. Es hat sich wohl auch ausgezahlt, dass wir die Anzahl der St\u00e4nde \/ Stationen reduziert haben und dadurch auch insgesamt weniger Helfer ben\u00f6tigten. Sicherlich gibt es auch in einigen Bereichen Optimierungspotential, welches wir in der Vorstandssitzung kommenden Donnerstag ausf\u00fchrlich er\u00f6rtern werden. Hier wird auch die ein oder andere eMail, die wir erhalten haben, mit einflie\u00dfen. Wir sind euf jeden Fall bem\u00fcht, uns stetig zu verbessern und unseren Beitrag zu einem perfekten Schulfest zu leisten.<br \/>\nNach besagter Aufarbeitung werden wir uns dann auch recht schnell auf die durchzuf\u00fchrende Mitgliederversammlung konzentrieren. Auch hier seien alle Mitglieder aufgerufen, an dieser teilzunehmen und alle anderen kann ich immer wieder nur um eine aktive Mitlgliedschaft in unseren F\u00f6rderverein bitten. Es ist eine gute M\u00f6glichkeit durch aktive Mitgestaltung der Schule, das Leben der Sch\u00fcler in vielerlei Hinsicht zu verbessern.<\/p>\n","protected":false},"excerpt":{"rendered":"<p>Nachdem wir letztes Wochenden zun\u00e4chst mit einer Sturmwarnung um unser sonst so von gutem Wetter verw\u00f6hntes Schulfest bangen mussten, darf ich heute auf ein erfolgreiches Schulfest 2015 zur\u00fcckblicken. Auch wenn wir aufgrund dieser Sturmwarnung r\u00e4umlich umdisponieren mussten, f\u00fchrte dies zu keiner gro\u00dfen Beeintr\u00e4chtigung des Festes. An dieser Stelle gilt meine herzlicher Dank all den vielen [&hellip;]<\/p>\n","protected":false},"author":2,"featured_media":0,"comment_status":"closed","ping_status":"closed","sticky":false,"template":"","format":"standard","meta":{"footnotes":""},"categories":[1],"tags":[],"class_list":["post-83","post","type-post","status-publish","format-standard","hentry","category-uncategorized"],"_links":{"self":[{"href":"http:\/\/ppg-foerderverein.de\/index.php?rest_route=\/wp\/v2\/posts\/83","targetHints":{"allow":["GET"]}}],"collection":[{"href":"http:\/\/ppg-foerderverein.de\/index.php?rest_route=\/wp\/v2\/posts"}],"about":[{"href":"http:\/\/ppg-foerderverein.de\/index.php?rest_route=\/wp\/v2\/types\/post"}],"author":[{"embeddable":true,"href":"http:\/\/ppg-foerderverein.de\/index.php?rest_route=\/wp\/v2\/users\/2"}],"replies":[{"embeddable":true,"href":"http:\/\/ppg-foerderverein.de\/index.php?rest_route=%2Fwp%2Fv2%2Fcomments&post=83"}],"version-history":[{"count":1,"href":"http:\/\/ppg-foerderverein.de\/index.php?rest_route=\/wp\/v2\/posts\/83\/revisions"}],"predecessor-version":[{"id":84,"href":"http:\/\/ppg-foerderverein.de\/index.php?rest_route=\/wp\/v2\/posts\/83\/revisions\/84"}],"wp:attachment":[{"href":"http:\/\/ppg-foerderverein.de\/index.php?rest_route=%2Fwp%2Fv2%2Fmedia&parent=83"}],"wp:term":[{"taxonomy":"category","embeddable":true,"href":"http:\/\/ppg-foerderverein.de\/index.php?rest_route=%2Fwp%2Fv2%2Fcategories&post=83"},{"taxonomy":"post_tag","embeddable":true,"href":"http:\/\/ppg-foerderverein.de\/index.php?rest_route=%2Fwp%2Fv2%2Ftags&post=83"}],"curies":[{"name":"wp","href":"https:\/\/api.w.org\/{rel}","templated":true}]}}