{"id":79,"date":"2015-07-19T20:43:34","date_gmt":"2015-07-19T20:43:34","guid":{"rendered":"http:\/\/ppg-foerderverein.de\/?p=79"},"modified":"2015-07-19T20:43:34","modified_gmt":"2015-07-19T20:43:34","slug":"jgg-schulfest-2015","status":"publish","type":"post","link":"http:\/\/ppg-foerderverein.de\/?p=79","title":{"rendered":"JGG Schulfest 2015"},"content":{"rendered":"<p>Hallo liebe Leser,<\/p>\n<p>wie bei vielen Anl\u00e4ssen treffend so auch hier, wie schnell ist doch ein Jahr ist vergangen und nun steht am n\u00e4chsten Samstag schon das JGG Schulfest vor der T\u00fcr. Die Planungen liefen im Hintergrund bereits auf Hochtouren und werden wohl diese Woche auch noch andauern. An dieser Stelle m\u00f6chten wir uns ausdr\u00fccklich bei den vielen Eltern, welche uns an den verschienden St\u00e4nden helfen, im Namen des ganzen Vereins bedanken.<br \/>\nAuch dem Gremium der Elternvertreter, insbesondere dem Vorsitzenden Hernn Halder, gilt an dieser Stelle unser Danke f\u00fcr die nahtlose Zusammenarbeit und Unterst\u00fctzung.<br \/>\nNach dem Schulfest werden wir uns diesmal dann auch verst\u00e4rkt der Organisation der Jahreshauptversammlung widmen und die dortigen n\u00e4chsten Schritte planen.<\/p>\n<p>Ich w\u00fcnsche uns allen ein erfolgreiches, sch\u00f6nes und vom Wetter her angenehmes Fest!<\/p>\n","protected":false},"excerpt":{"rendered":"<p>Hallo liebe Leser, wie bei vielen Anl\u00e4ssen treffend so auch hier, wie schnell ist doch ein Jahr ist vergangen und nun steht am n\u00e4chsten Samstag schon das JGG Schulfest vor der T\u00fcr. Die Planungen liefen im Hintergrund bereits auf Hochtouren und werden wohl diese Woche auch noch andauern. An dieser Stelle m\u00f6chten wir uns ausdr\u00fccklich [&hellip;]<\/p>\n","protected":false},"author":2,"featured_media":0,"comment_status":"closed","ping_status":"closed","sticky":false,"template":"","format":"standard","meta":{"footnotes":""},"categories":[1],"tags":[],"class_list":["post-79","post","type-post","status-publish","format-standard","hentry","category-uncategorized"],"_links":{"self":[{"href":"http:\/\/ppg-foerderverein.de\/index.php?rest_route=\/wp\/v2\/posts\/79","targetHints":{"allow":["GET"]}}],"collection":[{"href":"http:\/\/ppg-foerderverein.de\/index.php?rest_route=\/wp\/v2\/posts"}],"about":[{"href":"http:\/\/ppg-foerderverein.de\/index.php?rest_route=\/wp\/v2\/types\/post"}],"author":[{"embeddable":true,"href":"http:\/\/ppg-foerderverein.de\/index.php?rest_route=\/wp\/v2\/users\/2"}],"replies":[{"embeddable":true,"href":"http:\/\/ppg-foerderverein.de\/index.php?rest_route=%2Fwp%2Fv2%2Fcomments&post=79"}],"version-history":[{"count":2,"href":"http:\/\/ppg-foerderverein.de\/index.php?rest_route=\/wp\/v2\/posts\/79\/revisions"}],"predecessor-version":[{"id":81,"href":"http:\/\/ppg-foerderverein.de\/index.php?rest_route=\/wp\/v2\/posts\/79\/revisions\/81"}],"wp:attachment":[{"href":"http:\/\/ppg-foerderverein.de\/index.php?rest_route=%2Fwp%2Fv2%2Fmedia&parent=79"}],"wp:term":[{"taxonomy":"category","embeddable":true,"href":"http:\/\/ppg-foerderverein.de\/index.php?rest_route=%2Fwp%2Fv2%2Fcategories&post=79"},{"taxonomy":"post_tag","embeddable":true,"href":"http:\/\/ppg-foerderverein.de\/index.php?rest_route=%2Fwp%2Fv2%2Ftags&post=79"}],"curies":[{"name":"wp","href":"https:\/\/api.w.org\/{rel}","templated":true}]}}