{"id":44,"date":"2015-05-03T14:44:54","date_gmt":"2015-05-03T14:44:54","guid":{"rendered":"http:\/\/ppg-foerderverein.de\/?p=44"},"modified":"2015-06-10T07:27:23","modified_gmt":"2015-06-10T07:27:23","slug":"neuer-vorstand","status":"publish","type":"post","link":"http:\/\/ppg-foerderverein.de\/?p=44","title":{"rendered":"Neuer Vorstand"},"content":{"rendered":"<p>Liebe Leser,<br \/>\nes ist mittlerweile einige Zeit ins Land gegangen und so bleibt es nat\u00fcrlich auch nicht aus, dass sich in diesem Zeitraum wieder Ver\u00e4nderungen ergeben haben. So gab es auch in der letzten Mitgliederversammlung im Dezember 2014 einige personelle Ver\u00e4nderungen. Unser Vorsitzender Michael Kohler sowie der fr\u00fchere Schatzmeister und jetzig Beisitzer Thomas Fleck haben sich in ihren Funktionen innerhalb des F\u00f6rdervereins nicht mehr erneut zur Wahl gestellt.<br \/>\nDurch Umorganisation sowie personeller Verst\u00e4rkung von Fr. Ute Link\u00a0 konnte der F\u00f6rderverein schlie\u00dflich neu zusammengesetzt werden. An dieser Stelle m\u00f6chte ich mich im Namen des ganzen Vereins bei den beiden Ausgeschiedenen herzlich f\u00fcr die die jahrelange, vertrauensvolle Mitarbeit, ihr unerm\u00fcdliches Engagement in der Ausf\u00fchrung ihres Amtes zur Stabilisierung und Neuausrichtung des F\u00f6rdervereins bedanken. Sie haben das Gesicht des heutigen F\u00f6rdervereins ma\u00dfgeblich gepr\u00e4gt und ich hoffe der neue Vorstand kann mit seiner Arbeit diesem bestehenden Anspruch auch in Zukunft gerecht werden.<\/br>Sicherlich werden wir Vieles wie gehabt weiterf\u00fchren, aber frei nach dem Motto \u201eStillstand ist R\u00fcckschritt\u201c muss sich auch der F\u00f6rderverein weiter entwickeln. Mit diesem Vorsatz werden wir uns in die n\u00e4chsten drei Jahre st\u00fcrzen.<br \/>\nIn diesem Sinne, w\u00fcnsche ich uns allen eine spannende und erfolgreiche Zeit!<\/p>\n","protected":false},"excerpt":{"rendered":"<p>Liebe Leser, es ist mittlerweile einige Zeit ins Land gegangen und so bleibt es nat\u00fcrlich auch nicht aus, dass sich in diesem Zeitraum wieder Ver\u00e4nderungen ergeben haben. So gab es auch in der letzten Mitgliederversammlung im Dezember 2014 einige personelle Ver\u00e4nderungen. Unser Vorsitzender Michael Kohler sowie der fr\u00fchere Schatzmeister und jetzig Beisitzer Thomas Fleck haben [&hellip;]<\/p>\n","protected":false},"author":2,"featured_media":0,"comment_status":"closed","ping_status":"closed","sticky":false,"template":"","format":"standard","meta":{"footnotes":""},"categories":[2],"tags":[],"class_list":["post-44","post","type-post","status-publish","format-standard","hentry","category-foerderverein"],"_links":{"self":[{"href":"http:\/\/ppg-foerderverein.de\/index.php?rest_route=\/wp\/v2\/posts\/44","targetHints":{"allow":["GET"]}}],"collection":[{"href":"http:\/\/ppg-foerderverein.de\/index.php?rest_route=\/wp\/v2\/posts"}],"about":[{"href":"http:\/\/ppg-foerderverein.de\/index.php?rest_route=\/wp\/v2\/types\/post"}],"author":[{"embeddable":true,"href":"http:\/\/ppg-foerderverein.de\/index.php?rest_route=\/wp\/v2\/users\/2"}],"replies":[{"embeddable":true,"href":"http:\/\/ppg-foerderverein.de\/index.php?rest_route=%2Fwp%2Fv2%2Fcomments&post=44"}],"version-history":[{"count":9,"href":"http:\/\/ppg-foerderverein.de\/index.php?rest_route=\/wp\/v2\/posts\/44\/revisions"}],"predecessor-version":[{"id":73,"href":"http:\/\/ppg-foerderverein.de\/index.php?rest_route=\/wp\/v2\/posts\/44\/revisions\/73"}],"wp:attachment":[{"href":"http:\/\/ppg-foerderverein.de\/index.php?rest_route=%2Fwp%2Fv2%2Fmedia&parent=44"}],"wp:term":[{"taxonomy":"category","embeddable":true,"href":"http:\/\/ppg-foerderverein.de\/index.php?rest_route=%2Fwp%2Fv2%2Fcategories&post=44"},{"taxonomy":"post_tag","embeddable":true,"href":"http:\/\/ppg-foerderverein.de\/index.php?rest_route=%2Fwp%2Fv2%2Ftags&post=44"}],"curies":[{"name":"wp","href":"https:\/\/api.w.org\/{rel}","templated":true}]}}