{"id":4299,"date":"2025-10-11T18:30:50","date_gmt":"2025-10-11T18:30:50","guid":{"rendered":"http:\/\/ppg-foerderverein.de\/?p=4299"},"modified":"2025-10-11T18:30:50","modified_gmt":"2025-10-11T18:30:50","slug":"ausflug-zum-alten-klaerwerk-in-mannheim-sandhofen","status":"publish","type":"post","link":"http:\/\/ppg-foerderverein.de\/?p=4299","title":{"rendered":"Ausflug zum Alten Kl\u00e4rwerk in Mannheim-Sandhofen"},"content":{"rendered":"<p>Am Sonntag, den 28.09.25, machten sich einige Mitglieder des F\u00f6rderverein auf den Weg nach Sandhofen zum Alten Kl\u00e4rwerk. Dort f\u00fchrte uns der K\u00fcnstler R\u00fcdiger Krenkel, der dort lebt und arbeitet, etwa 2 Stunden lang durch das Industriedenkmal und die Ausstellung seiner Skulpturen.<\/p>\n<p>Das erste Kl\u00e4rwerk Mannheims \u2013 bestehend aus sechs Kl\u00e4rbecken, zwei Pumpenh\u00e4usern und einem Wasserturm sowie dem Wohnhaus des Kl\u00e4rwerkmeisters \u2013 ist fast vollst\u00e4ndig erhalten, obwohl es seit den 70er Jahren nicht mehr in Betrieb ist.<\/p>\n<p>Es war f\u00fcr uns alle eine sch\u00f6ne Gelegenheit, Neues zu erfahren und uns danach bei Kaffee und Kuchen auszutauschen.<\/p>\n<p><a href=\"http:\/\/ppg-foerderverein.de\/wp-content\/uploads\/2025\/10\/1759171042826-scaled.jpg\"><img loading=\"lazy\" decoding=\"async\" class=\"alignnone size-medium wp-image-4293\" src=\"http:\/\/ppg-foerderverein.de\/wp-content\/uploads\/2025\/10\/1759171042826-225x300.jpg\" alt=\"\" width=\"225\" height=\"300\" srcset=\"http:\/\/ppg-foerderverein.de\/wp-content\/uploads\/2025\/10\/1759171042826-225x300.jpg 225w, http:\/\/ppg-foerderverein.de\/wp-content\/uploads\/2025\/10\/1759171042826-768x1024.jpg 768w, http:\/\/ppg-foerderverein.de\/wp-content\/uploads\/2025\/10\/1759171042826-1152x1536.jpg 1152w, http:\/\/ppg-foerderverein.de\/wp-content\/uploads\/2025\/10\/1759171042826-1536x2048.jpg 1536w, http:\/\/ppg-foerderverein.de\/wp-content\/uploads\/2025\/10\/1759171042826-624x832.jpg 624w, http:\/\/ppg-foerderverein.de\/wp-content\/uploads\/2025\/10\/1759171042826-scaled.jpg 1920w\" sizes=\"auto, (max-width: 225px) 100vw, 225px\" \/><\/a> <a href=\"http:\/\/ppg-foerderverein.de\/wp-content\/uploads\/2025\/10\/1759171042841-scaled.jpg\"><img loading=\"lazy\" decoding=\"async\" class=\"alignnone size-medium wp-image-4294\" src=\"http:\/\/ppg-foerderverein.de\/wp-content\/uploads\/2025\/10\/1759171042841-225x300.jpg\" alt=\"\" width=\"225\" height=\"300\" srcset=\"http:\/\/ppg-foerderverein.de\/wp-content\/uploads\/2025\/10\/1759171042841-225x300.jpg 225w, http:\/\/ppg-foerderverein.de\/wp-content\/uploads\/2025\/10\/1759171042841-768x1024.jpg 768w, http:\/\/ppg-foerderverein.de\/wp-content\/uploads\/2025\/10\/1759171042841-1152x1536.jpg 1152w, http:\/\/ppg-foerderverein.de\/wp-content\/uploads\/2025\/10\/1759171042841-1536x2048.jpg 1536w, http:\/\/ppg-foerderverein.de\/wp-content\/uploads\/2025\/10\/1759171042841-624x832.jpg 624w, http:\/\/ppg-foerderverein.de\/wp-content\/uploads\/2025\/10\/1759171042841-scaled.jpg 1920w\" sizes=\"auto, (max-width: 225px) 100vw, 225px\" \/><\/a> <a href=\"http:\/\/ppg-foerderverein.de\/wp-content\/uploads\/2025\/10\/1759171042868-scaled.jpg\"><img loading=\"lazy\" decoding=\"async\" class=\"alignnone size-medium wp-image-4295\" src=\"http:\/\/ppg-foerderverein.de\/wp-content\/uploads\/2025\/10\/1759171042868-225x300.jpg\" alt=\"\" width=\"225\" height=\"300\" srcset=\"http:\/\/ppg-foerderverein.de\/wp-content\/uploads\/2025\/10\/1759171042868-225x300.jpg 225w, http:\/\/ppg-foerderverein.de\/wp-content\/uploads\/2025\/10\/1759171042868-768x1024.jpg 768w, http:\/\/ppg-foerderverein.de\/wp-content\/uploads\/2025\/10\/1759171042868-1152x1536.jpg 1152w, http:\/\/ppg-foerderverein.de\/wp-content\/uploads\/2025\/10\/1759171042868-1536x2048.jpg 1536w, http:\/\/ppg-foerderverein.de\/wp-content\/uploads\/2025\/10\/1759171042868-624x832.jpg 624w, http:\/\/ppg-foerderverein.de\/wp-content\/uploads\/2025\/10\/1759171042868-scaled.jpg 1920w\" sizes=\"auto, (max-width: 225px) 100vw, 225px\" \/><\/a> <a href=\"http:\/\/ppg-foerderverein.de\/wp-content\/uploads\/2025\/10\/1759171042925-scaled.jpg\"><img loading=\"lazy\" decoding=\"async\" class=\"alignnone size-medium wp-image-4296\" src=\"http:\/\/ppg-foerderverein.de\/wp-content\/uploads\/2025\/10\/1759171042925-225x300.jpg\" alt=\"\" width=\"225\" height=\"300\" srcset=\"http:\/\/ppg-foerderverein.de\/wp-content\/uploads\/2025\/10\/1759171042925-225x300.jpg 225w, http:\/\/ppg-foerderverein.de\/wp-content\/uploads\/2025\/10\/1759171042925-768x1024.jpg 768w, http:\/\/ppg-foerderverein.de\/wp-content\/uploads\/2025\/10\/1759171042925-1152x1536.jpg 1152w, http:\/\/ppg-foerderverein.de\/wp-content\/uploads\/2025\/10\/1759171042925-1536x2048.jpg 1536w, http:\/\/ppg-foerderverein.de\/wp-content\/uploads\/2025\/10\/1759171042925-624x832.jpg 624w, http:\/\/ppg-foerderverein.de\/wp-content\/uploads\/2025\/10\/1759171042925-scaled.jpg 1920w\" sizes=\"auto, (max-width: 225px) 100vw, 225px\" \/><\/a><\/p>\n","protected":false},"excerpt":{"rendered":"<p>Am Sonntag, den 28.09.25, machten sich einige Mitglieder des F\u00f6rderverein auf den Weg nach Sandhofen zum Alten Kl\u00e4rwerk. Dort f\u00fchrte uns der K\u00fcnstler R\u00fcdiger Krenkel, der dort lebt und arbeitet, etwa 2 Stunden lang durch das Industriedenkmal und die Ausstellung seiner Skulpturen. Das erste Kl\u00e4rwerk Mannheims \u2013 bestehend aus sechs Kl\u00e4rbecken, zwei Pumpenh\u00e4usern und einem [&hellip;]<\/p>\n","protected":false},"author":5,"featured_media":0,"comment_status":"closed","ping_status":"closed","sticky":false,"template":"","format":"standard","meta":{"footnotes":""},"categories":[2],"tags":[],"class_list":["post-4299","post","type-post","status-publish","format-standard","hentry","category-foerderverein"],"_links":{"self":[{"href":"http:\/\/ppg-foerderverein.de\/index.php?rest_route=\/wp\/v2\/posts\/4299","targetHints":{"allow":["GET"]}}],"collection":[{"href":"http:\/\/ppg-foerderverein.de\/index.php?rest_route=\/wp\/v2\/posts"}],"about":[{"href":"http:\/\/ppg-foerderverein.de\/index.php?rest_route=\/wp\/v2\/types\/post"}],"author":[{"embeddable":true,"href":"http:\/\/ppg-foerderverein.de\/index.php?rest_route=\/wp\/v2\/users\/5"}],"replies":[{"embeddable":true,"href":"http:\/\/ppg-foerderverein.de\/index.php?rest_route=%2Fwp%2Fv2%2Fcomments&post=4299"}],"version-history":[{"count":2,"href":"http:\/\/ppg-foerderverein.de\/index.php?rest_route=\/wp\/v2\/posts\/4299\/revisions"}],"predecessor-version":[{"id":4301,"href":"http:\/\/ppg-foerderverein.de\/index.php?rest_route=\/wp\/v2\/posts\/4299\/revisions\/4301"}],"wp:attachment":[{"href":"http:\/\/ppg-foerderverein.de\/index.php?rest_route=%2Fwp%2Fv2%2Fmedia&parent=4299"}],"wp:term":[{"taxonomy":"category","embeddable":true,"href":"http:\/\/ppg-foerderverein.de\/index.php?rest_route=%2Fwp%2Fv2%2Fcategories&post=4299"},{"taxonomy":"post_tag","embeddable":true,"href":"http:\/\/ppg-foerderverein.de\/index.php?rest_route=%2Fwp%2Fv2%2Ftags&post=4299"}],"curies":[{"name":"wp","href":"https:\/\/api.w.org\/{rel}","templated":true}]}}