{"id":4235,"date":"2023-11-07T20:41:18","date_gmt":"2023-11-07T20:41:18","guid":{"rendered":"http:\/\/ppg-foerderverein.de\/?p=4235"},"modified":"2025-01-31T14:03:11","modified_gmt":"2025-01-31T14:03:11","slug":"die-naechste-mitgliederversammlung-findt-am-freitag-den-17-11-2023-um-19-uhr-statt","status":"publish","type":"post","link":"http:\/\/ppg-foerderverein.de\/?p=4235","title":{"rendered":"Der F\u00f6rderverein ist 50 geworden!"},"content":{"rendered":"<p>Am 22.10.1974 gegr\u00fcndet, feierte der F\u00f6rderverein am 2.11.2024 sein 50j\u00e4hriges Jubil\u00e4um.<br \/>\nIn der Mensa unserer Schule konnten die G\u00e4ste der Musik des Singkreises (Leitung Damaris Als) und des Streichorchesters (Leitung Stefanie Kroneder-Kamp) lauschen.<\/p>\n<p><a href=\"http:\/\/ppg-foerderverein.de\/wp-content\/uploads\/2023\/11\/Foto1-scaled.jpg\"><img loading=\"lazy\" decoding=\"async\" class=\"alignnone size-medium wp-image-4267\" src=\"http:\/\/ppg-foerderverein.de\/wp-content\/uploads\/2023\/11\/Foto1-300x225.jpg\" alt=\"\" width=\"300\" height=\"225\" srcset=\"http:\/\/ppg-foerderverein.de\/wp-content\/uploads\/2023\/11\/Foto1-300x225.jpg 300w, http:\/\/ppg-foerderverein.de\/wp-content\/uploads\/2023\/11\/Foto1-1024x768.jpg 1024w, http:\/\/ppg-foerderverein.de\/wp-content\/uploads\/2023\/11\/Foto1-768x576.jpg 768w, http:\/\/ppg-foerderverein.de\/wp-content\/uploads\/2023\/11\/Foto1-1536x1152.jpg 1536w, http:\/\/ppg-foerderverein.de\/wp-content\/uploads\/2023\/11\/Foto1-2048x1536.jpg 2048w, http:\/\/ppg-foerderverein.de\/wp-content\/uploads\/2023\/11\/Foto1-624x468.jpg 624w\" sizes=\"auto, (max-width: 300px) 100vw, 300px\" \/><\/a> <a href=\"http:\/\/ppg-foerderverein.de\/wp-content\/uploads\/2023\/11\/Foto2-scaled.jpg\"><img loading=\"lazy\" decoding=\"async\" class=\"alignnone size-medium wp-image-4268\" src=\"http:\/\/ppg-foerderverein.de\/wp-content\/uploads\/2023\/11\/Foto2-300x225.jpg\" alt=\"\" width=\"300\" height=\"225\" srcset=\"http:\/\/ppg-foerderverein.de\/wp-content\/uploads\/2023\/11\/Foto2-300x225.jpg 300w, http:\/\/ppg-foerderverein.de\/wp-content\/uploads\/2023\/11\/Foto2-1024x768.jpg 1024w, http:\/\/ppg-foerderverein.de\/wp-content\/uploads\/2023\/11\/Foto2-768x576.jpg 768w, http:\/\/ppg-foerderverein.de\/wp-content\/uploads\/2023\/11\/Foto2-1536x1152.jpg 1536w, http:\/\/ppg-foerderverein.de\/wp-content\/uploads\/2023\/11\/Foto2-2048x1536.jpg 2048w, http:\/\/ppg-foerderverein.de\/wp-content\/uploads\/2023\/11\/Foto2-624x468.jpg 624w\" sizes=\"auto, (max-width: 300px) 100vw, 300px\" \/><\/a> <a href=\"http:\/\/ppg-foerderverein.de\/wp-content\/uploads\/2023\/11\/Foto3-scaled.jpg\"><img loading=\"lazy\" decoding=\"async\" class=\"alignnone size-medium wp-image-4269\" src=\"http:\/\/ppg-foerderverein.de\/wp-content\/uploads\/2023\/11\/Foto3-225x300.jpg\" alt=\"\" width=\"225\" height=\"300\" srcset=\"http:\/\/ppg-foerderverein.de\/wp-content\/uploads\/2023\/11\/Foto3-225x300.jpg 225w, http:\/\/ppg-foerderverein.de\/wp-content\/uploads\/2023\/11\/Foto3-768x1024.jpg 768w, http:\/\/ppg-foerderverein.de\/wp-content\/uploads\/2023\/11\/Foto3-1152x1536.jpg 1152w, http:\/\/ppg-foerderverein.de\/wp-content\/uploads\/2023\/11\/Foto3-1536x2048.jpg 1536w, http:\/\/ppg-foerderverein.de\/wp-content\/uploads\/2023\/11\/Foto3-624x832.jpg 624w, http:\/\/ppg-foerderverein.de\/wp-content\/uploads\/2023\/11\/Foto3-scaled.jpg 1920w\" sizes=\"auto, (max-width: 225px) 100vw, 225px\" \/><\/a> <a href=\"http:\/\/ppg-foerderverein.de\/wp-content\/uploads\/2023\/11\/Foto4-scaled.jpg\"><img loading=\"lazy\" decoding=\"async\" class=\"alignnone size-medium wp-image-4270\" src=\"http:\/\/ppg-foerderverein.de\/wp-content\/uploads\/2023\/11\/Foto4-300x225.jpg\" alt=\"\" width=\"300\" height=\"225\" srcset=\"http:\/\/ppg-foerderverein.de\/wp-content\/uploads\/2023\/11\/Foto4-300x225.jpg 300w, http:\/\/ppg-foerderverein.de\/wp-content\/uploads\/2023\/11\/Foto4-1024x768.jpg 1024w, http:\/\/ppg-foerderverein.de\/wp-content\/uploads\/2023\/11\/Foto4-768x576.jpg 768w, http:\/\/ppg-foerderverein.de\/wp-content\/uploads\/2023\/11\/Foto4-1536x1152.jpg 1536w, http:\/\/ppg-foerderverein.de\/wp-content\/uploads\/2023\/11\/Foto4-2048x1536.jpg 2048w, http:\/\/ppg-foerderverein.de\/wp-content\/uploads\/2023\/11\/Foto4-624x468.jpg 624w\" sizes=\"auto, (max-width: 300px) 100vw, 300px\" \/><\/a><\/p>\n<p>Schulleiter Roland Haas erinnerte in seiner Begr\u00fc\u00dfungsrede an die zahlreichen Aktivit\u00e4ten des F\u00f6rdervereins und freute sich auf weitere fruchtbringende Zusammenarbeit.<\/p>\n<p><a href=\"http:\/\/ppg-foerderverein.de\/wp-content\/uploads\/2023\/11\/Foto5-scaled.jpg\"><img loading=\"lazy\" decoding=\"async\" class=\"alignnone size-medium wp-image-4271\" src=\"http:\/\/ppg-foerderverein.de\/wp-content\/uploads\/2023\/11\/Foto5-300x225.jpg\" alt=\"\" width=\"300\" height=\"225\" srcset=\"http:\/\/ppg-foerderverein.de\/wp-content\/uploads\/2023\/11\/Foto5-300x225.jpg 300w, http:\/\/ppg-foerderverein.de\/wp-content\/uploads\/2023\/11\/Foto5-1024x768.jpg 1024w, http:\/\/ppg-foerderverein.de\/wp-content\/uploads\/2023\/11\/Foto5-768x576.jpg 768w, http:\/\/ppg-foerderverein.de\/wp-content\/uploads\/2023\/11\/Foto5-1536x1152.jpg 1536w, http:\/\/ppg-foerderverein.de\/wp-content\/uploads\/2023\/11\/Foto5-2048x1536.jpg 2048w, http:\/\/ppg-foerderverein.de\/wp-content\/uploads\/2023\/11\/Foto5-624x468.jpg 624w\" sizes=\"auto, (max-width: 300px) 100vw, 300px\" \/><\/a><\/p>\n<p>Die neue Vorsitzende Jana K\u00f6llner dankte dem aus famili\u00e4ren Gr\u00fcnden scheidenden Vorsitzenden Patrick Merz f\u00fcr seine Tatkraft.<\/p>\n<p><a href=\"http:\/\/ppg-foerderverein.de\/wp-content\/uploads\/2023\/11\/Foto6-scaled.jpg\"><img loading=\"lazy\" decoding=\"async\" class=\"alignnone size-medium wp-image-4272\" src=\"http:\/\/ppg-foerderverein.de\/wp-content\/uploads\/2023\/11\/Foto6-225x300.jpg\" alt=\"\" width=\"225\" height=\"300\" srcset=\"http:\/\/ppg-foerderverein.de\/wp-content\/uploads\/2023\/11\/Foto6-225x300.jpg 225w, http:\/\/ppg-foerderverein.de\/wp-content\/uploads\/2023\/11\/Foto6-768x1024.jpg 768w, http:\/\/ppg-foerderverein.de\/wp-content\/uploads\/2023\/11\/Foto6-1152x1536.jpg 1152w, http:\/\/ppg-foerderverein.de\/wp-content\/uploads\/2023\/11\/Foto6-1536x2048.jpg 1536w, http:\/\/ppg-foerderverein.de\/wp-content\/uploads\/2023\/11\/Foto6-624x832.jpg 624w, http:\/\/ppg-foerderverein.de\/wp-content\/uploads\/2023\/11\/Foto6-scaled.jpg 1920w\" sizes=\"auto, (max-width: 225px) 100vw, 225px\" \/><\/a><\/p>\n<p>Bilder beleuchteten einige Aktivit\u00e4ten aus der Geschichte des Vereins. So manche G\u00e4ste erkannten Orte und Personen wieder, die sie in ihrer eigenen Schulzeit oder ihrer Lehrt\u00e4tigkeit am PPG\/ JGG erlebt hatten. <a href=\"http:\/\/ppg-foerderverein.de\/wp-content\/uploads\/2023\/11\/Bericht_50-Jahre_FOeV.pdf\">Bericht_50 Jahre_F\u00d6V<\/a><\/p>\n<p>An einem kleinen Buffet entspannen sich lebhafte Gespr\u00e4che zwischen Sch\u00fclerInnen, Eltern, LehrerInnen, Ehemaligen aus der Schulgemeinde und einem besonderen Gast: Helga Weber, die vor 50 Jahren den Verein mit gegr\u00fcndet und lange im Vorstand gewirkt hat.<\/p>\n<p><a href=\"http:\/\/ppg-foerderverein.de\/wp-content\/uploads\/2023\/11\/Foto7-scaled.jpg\"><img loading=\"lazy\" decoding=\"async\" class=\"alignnone size-medium wp-image-4273\" src=\"http:\/\/ppg-foerderverein.de\/wp-content\/uploads\/2023\/11\/Foto7-300x225.jpg\" alt=\"\" width=\"300\" height=\"225\" srcset=\"http:\/\/ppg-foerderverein.de\/wp-content\/uploads\/2023\/11\/Foto7-300x225.jpg 300w, http:\/\/ppg-foerderverein.de\/wp-content\/uploads\/2023\/11\/Foto7-1024x768.jpg 1024w, http:\/\/ppg-foerderverein.de\/wp-content\/uploads\/2023\/11\/Foto7-768x576.jpg 768w, http:\/\/ppg-foerderverein.de\/wp-content\/uploads\/2023\/11\/Foto7-1536x1152.jpg 1536w, http:\/\/ppg-foerderverein.de\/wp-content\/uploads\/2023\/11\/Foto7-2048x1536.jpg 2048w, http:\/\/ppg-foerderverein.de\/wp-content\/uploads\/2023\/11\/Foto7-624x468.jpg 624w\" sizes=\"auto, (max-width: 300px) 100vw, 300px\" \/><\/a><\/p>\n","protected":false},"excerpt":{"rendered":"<p>Am 22.10.1974 gegr\u00fcndet, feierte der F\u00f6rderverein am 2.11.2024 sein 50j\u00e4hriges Jubil\u00e4um. In der Mensa unserer Schule konnten die G\u00e4ste der Musik des Singkreises (Leitung Damaris Als) und des Streichorchesters (Leitung Stefanie Kroneder-Kamp) lauschen. Schulleiter Roland Haas erinnerte in seiner Begr\u00fc\u00dfungsrede an die zahlreichen Aktivit\u00e4ten des F\u00f6rdervereins und freute sich auf weitere fruchtbringende Zusammenarbeit. Die neue [&hellip;]<\/p>\n","protected":false},"author":5,"featured_media":0,"comment_status":"closed","ping_status":"closed","sticky":false,"template":"","format":"standard","meta":{"footnotes":""},"categories":[2],"tags":[],"class_list":["post-4235","post","type-post","status-publish","format-standard","hentry","category-foerderverein"],"_links":{"self":[{"href":"http:\/\/ppg-foerderverein.de\/index.php?rest_route=\/wp\/v2\/posts\/4235","targetHints":{"allow":["GET"]}}],"collection":[{"href":"http:\/\/ppg-foerderverein.de\/index.php?rest_route=\/wp\/v2\/posts"}],"about":[{"href":"http:\/\/ppg-foerderverein.de\/index.php?rest_route=\/wp\/v2\/types\/post"}],"author":[{"embeddable":true,"href":"http:\/\/ppg-foerderverein.de\/index.php?rest_route=\/wp\/v2\/users\/5"}],"replies":[{"embeddable":true,"href":"http:\/\/ppg-foerderverein.de\/index.php?rest_route=%2Fwp%2Fv2%2Fcomments&post=4235"}],"version-history":[{"count":6,"href":"http:\/\/ppg-foerderverein.de\/index.php?rest_route=\/wp\/v2\/posts\/4235\/revisions"}],"predecessor-version":[{"id":4274,"href":"http:\/\/ppg-foerderverein.de\/index.php?rest_route=\/wp\/v2\/posts\/4235\/revisions\/4274"}],"wp:attachment":[{"href":"http:\/\/ppg-foerderverein.de\/index.php?rest_route=%2Fwp%2Fv2%2Fmedia&parent=4235"}],"wp:term":[{"taxonomy":"category","embeddable":true,"href":"http:\/\/ppg-foerderverein.de\/index.php?rest_route=%2Fwp%2Fv2%2Fcategories&post=4235"},{"taxonomy":"post_tag","embeddable":true,"href":"http:\/\/ppg-foerderverein.de\/index.php?rest_route=%2Fwp%2Fv2%2Ftags&post=4235"}],"curies":[{"name":"wp","href":"https:\/\/api.w.org\/{rel}","templated":true}]}}