{"id":4166,"date":"2022-10-31T10:43:18","date_gmt":"2022-10-31T10:43:18","guid":{"rendered":"http:\/\/ppg-foerderverein.de\/?p=4166"},"modified":"2022-10-31T10:43:18","modified_gmt":"2022-10-31T10:43:18","slug":"festakt-zum-50jaehrigen-schuljubilaeum","status":"publish","type":"post","link":"http:\/\/ppg-foerderverein.de\/?p=4166","title":{"rendered":"Festakt zum 50j\u00e4hrigen Schuljubil\u00e4um"},"content":{"rendered":"<p>Am 13.07.2022 findet das 50j\u00e4hrige Schuljubil\u00e4um auf dem Gel\u00e4nde des JGG statt.<br \/>\nVorf\u00fchrungen des Orchesters, interessante Redebeitr\u00e4ge und ein leckeres Buffet sind eine sch\u00f6ne Einstimmung auf das Jubil\u00e4umsschuljahr 2022\/23.<\/p>\n<p><a href=\"http:\/\/ppg-foerderverein.de\/wp-content\/uploads\/2022\/10\/Festakt_220713_1-scaled.jpg\"><img loading=\"lazy\" decoding=\"async\" class=\"alignnone size-medium wp-image-4158\" src=\"http:\/\/ppg-foerderverein.de\/wp-content\/uploads\/2022\/10\/Festakt_220713_1-300x200.jpg\" alt=\"\" width=\"300\" height=\"200\" srcset=\"http:\/\/ppg-foerderverein.de\/wp-content\/uploads\/2022\/10\/Festakt_220713_1-300x200.jpg 300w, http:\/\/ppg-foerderverein.de\/wp-content\/uploads\/2022\/10\/Festakt_220713_1-1024x683.jpg 1024w, http:\/\/ppg-foerderverein.de\/wp-content\/uploads\/2022\/10\/Festakt_220713_1-768x512.jpg 768w, http:\/\/ppg-foerderverein.de\/wp-content\/uploads\/2022\/10\/Festakt_220713_1-1536x1024.jpg 1536w, http:\/\/ppg-foerderverein.de\/wp-content\/uploads\/2022\/10\/Festakt_220713_1-2048x1365.jpg 2048w, http:\/\/ppg-foerderverein.de\/wp-content\/uploads\/2022\/10\/Festakt_220713_1-624x416.jpg 624w\" sizes=\"auto, (max-width: 300px) 100vw, 300px\" \/><\/a> \u00a0 <a href=\"http:\/\/ppg-foerderverein.de\/wp-content\/uploads\/2022\/10\/Festakt_220713_2-scaled.jpg\"><img loading=\"lazy\" decoding=\"async\" class=\"alignnone size-medium wp-image-4159\" src=\"http:\/\/ppg-foerderverein.de\/wp-content\/uploads\/2022\/10\/Festakt_220713_2-300x200.jpg\" alt=\"\" width=\"300\" height=\"200\" srcset=\"http:\/\/ppg-foerderverein.de\/wp-content\/uploads\/2022\/10\/Festakt_220713_2-300x200.jpg 300w, http:\/\/ppg-foerderverein.de\/wp-content\/uploads\/2022\/10\/Festakt_220713_2-1024x683.jpg 1024w, http:\/\/ppg-foerderverein.de\/wp-content\/uploads\/2022\/10\/Festakt_220713_2-768x512.jpg 768w, http:\/\/ppg-foerderverein.de\/wp-content\/uploads\/2022\/10\/Festakt_220713_2-1536x1024.jpg 1536w, http:\/\/ppg-foerderverein.de\/wp-content\/uploads\/2022\/10\/Festakt_220713_2-2048x1365.jpg 2048w, http:\/\/ppg-foerderverein.de\/wp-content\/uploads\/2022\/10\/Festakt_220713_2-624x416.jpg 624w\" sizes=\"auto, (max-width: 300px) 100vw, 300px\" \/>\u00a0\u00a0 <\/a><a href=\"http:\/\/ppg-foerderverein.de\/wp-content\/uploads\/2022\/10\/Festakt_220713_3-scaled.jpg\"><img loading=\"lazy\" decoding=\"async\" class=\"alignnone size-medium wp-image-4160\" src=\"http:\/\/ppg-foerderverein.de\/wp-content\/uploads\/2022\/10\/Festakt_220713_3-300x200.jpg\" alt=\"\" width=\"300\" height=\"200\" srcset=\"http:\/\/ppg-foerderverein.de\/wp-content\/uploads\/2022\/10\/Festakt_220713_3-300x200.jpg 300w, http:\/\/ppg-foerderverein.de\/wp-content\/uploads\/2022\/10\/Festakt_220713_3-1024x683.jpg 1024w, http:\/\/ppg-foerderverein.de\/wp-content\/uploads\/2022\/10\/Festakt_220713_3-768x512.jpg 768w, http:\/\/ppg-foerderverein.de\/wp-content\/uploads\/2022\/10\/Festakt_220713_3-1536x1024.jpg 1536w, http:\/\/ppg-foerderverein.de\/wp-content\/uploads\/2022\/10\/Festakt_220713_3-2048x1365.jpg 2048w, http:\/\/ppg-foerderverein.de\/wp-content\/uploads\/2022\/10\/Festakt_220713_3-624x416.jpg 624w\" sizes=\"auto, (max-width: 300px) 100vw, 300px\" \/><\/a><a href=\"http:\/\/ppg-foerderverein.de\/wp-content\/uploads\/2022\/10\/Festakt_220713_2-scaled.jpg\"> \u00a0 <\/a><a href=\"http:\/\/ppg-foerderverein.de\/wp-content\/uploads\/2022\/10\/Festakt_220713_4-scaled.jpg\"><img loading=\"lazy\" decoding=\"async\" class=\"alignnone size-medium wp-image-4161\" src=\"http:\/\/ppg-foerderverein.de\/wp-content\/uploads\/2022\/10\/Festakt_220713_4-300x200.jpg\" alt=\"\" width=\"300\" height=\"200\" srcset=\"http:\/\/ppg-foerderverein.de\/wp-content\/uploads\/2022\/10\/Festakt_220713_4-300x200.jpg 300w, http:\/\/ppg-foerderverein.de\/wp-content\/uploads\/2022\/10\/Festakt_220713_4-1024x683.jpg 1024w, http:\/\/ppg-foerderverein.de\/wp-content\/uploads\/2022\/10\/Festakt_220713_4-768x512.jpg 768w, http:\/\/ppg-foerderverein.de\/wp-content\/uploads\/2022\/10\/Festakt_220713_4-1536x1024.jpg 1536w, http:\/\/ppg-foerderverein.de\/wp-content\/uploads\/2022\/10\/Festakt_220713_4-2048x1365.jpg 2048w, http:\/\/ppg-foerderverein.de\/wp-content\/uploads\/2022\/10\/Festakt_220713_4-624x416.jpg 624w\" sizes=\"auto, (max-width: 300px) 100vw, 300px\" \/><\/a><a href=\"http:\/\/ppg-foerderverein.de\/wp-content\/uploads\/2022\/10\/Festakt_220713_2-scaled.jpg\"> \u00a0 <\/a><a href=\"http:\/\/ppg-foerderverein.de\/wp-content\/uploads\/2022\/10\/Festakt_220713_5-scaled.jpg\"><img loading=\"lazy\" decoding=\"async\" class=\"alignnone size-medium wp-image-4162\" src=\"http:\/\/ppg-foerderverein.de\/wp-content\/uploads\/2022\/10\/Festakt_220713_5-300x200.jpg\" alt=\"\" width=\"300\" height=\"200\" srcset=\"http:\/\/ppg-foerderverein.de\/wp-content\/uploads\/2022\/10\/Festakt_220713_5-300x200.jpg 300w, http:\/\/ppg-foerderverein.de\/wp-content\/uploads\/2022\/10\/Festakt_220713_5-1024x683.jpg 1024w, http:\/\/ppg-foerderverein.de\/wp-content\/uploads\/2022\/10\/Festakt_220713_5-768x512.jpg 768w, http:\/\/ppg-foerderverein.de\/wp-content\/uploads\/2022\/10\/Festakt_220713_5-1536x1024.jpg 1536w, http:\/\/ppg-foerderverein.de\/wp-content\/uploads\/2022\/10\/Festakt_220713_5-2048x1365.jpg 2048w, http:\/\/ppg-foerderverein.de\/wp-content\/uploads\/2022\/10\/Festakt_220713_5-624x416.jpg 624w\" sizes=\"auto, (max-width: 300px) 100vw, 300px\" \/><\/a><a href=\"http:\/\/ppg-foerderverein.de\/wp-content\/uploads\/2022\/10\/Festakt_220713_2-scaled.jpg\"> \u00a0 <\/a><a href=\"http:\/\/ppg-foerderverein.de\/wp-content\/uploads\/2022\/10\/Festakt_220713_6-scaled.jpg\"><img loading=\"lazy\" decoding=\"async\" class=\"alignnone size-medium wp-image-4163\" src=\"http:\/\/ppg-foerderverein.de\/wp-content\/uploads\/2022\/10\/Festakt_220713_6-300x200.jpg\" alt=\"\" width=\"300\" height=\"200\" srcset=\"http:\/\/ppg-foerderverein.de\/wp-content\/uploads\/2022\/10\/Festakt_220713_6-300x200.jpg 300w, http:\/\/ppg-foerderverein.de\/wp-content\/uploads\/2022\/10\/Festakt_220713_6-1024x683.jpg 1024w, http:\/\/ppg-foerderverein.de\/wp-content\/uploads\/2022\/10\/Festakt_220713_6-768x512.jpg 768w, http:\/\/ppg-foerderverein.de\/wp-content\/uploads\/2022\/10\/Festakt_220713_6-1536x1024.jpg 1536w, http:\/\/ppg-foerderverein.de\/wp-content\/uploads\/2022\/10\/Festakt_220713_6-2048x1365.jpg 2048w, http:\/\/ppg-foerderverein.de\/wp-content\/uploads\/2022\/10\/Festakt_220713_6-624x416.jpg 624w\" sizes=\"auto, (max-width: 300px) 100vw, 300px\" \/><\/a><a href=\"http:\/\/ppg-foerderverein.de\/wp-content\/uploads\/2022\/10\/Festakt_220713_2-scaled.jpg\"> \u00a0 <\/a><a href=\"http:\/\/ppg-foerderverein.de\/wp-content\/uploads\/2022\/10\/Festakt_220713_7-scaled.jpg\"><img loading=\"lazy\" decoding=\"async\" class=\"alignnone size-medium wp-image-4164\" src=\"http:\/\/ppg-foerderverein.de\/wp-content\/uploads\/2022\/10\/Festakt_220713_7-300x200.jpg\" alt=\"\" width=\"300\" height=\"200\" srcset=\"http:\/\/ppg-foerderverein.de\/wp-content\/uploads\/2022\/10\/Festakt_220713_7-300x200.jpg 300w, http:\/\/ppg-foerderverein.de\/wp-content\/uploads\/2022\/10\/Festakt_220713_7-1024x683.jpg 1024w, http:\/\/ppg-foerderverein.de\/wp-content\/uploads\/2022\/10\/Festakt_220713_7-768x512.jpg 768w, http:\/\/ppg-foerderverein.de\/wp-content\/uploads\/2022\/10\/Festakt_220713_7-1536x1024.jpg 1536w, http:\/\/ppg-foerderverein.de\/wp-content\/uploads\/2022\/10\/Festakt_220713_7-2048x1365.jpg 2048w, http:\/\/ppg-foerderverein.de\/wp-content\/uploads\/2022\/10\/Festakt_220713_7-624x416.jpg 624w\" sizes=\"auto, (max-width: 300px) 100vw, 300px\" \/><\/a><a href=\"http:\/\/ppg-foerderverein.de\/wp-content\/uploads\/2022\/10\/Festakt_220713_2-scaled.jpg\"> \u00a0 <\/a><a href=\"http:\/\/ppg-foerderverein.de\/wp-content\/uploads\/2022\/10\/Festakt_220713_8-scaled.jpg\"><img loading=\"lazy\" decoding=\"async\" class=\"alignnone size-medium wp-image-4165\" src=\"http:\/\/ppg-foerderverein.de\/wp-content\/uploads\/2022\/10\/Festakt_220713_8-300x200.jpg\" alt=\"\" width=\"300\" height=\"200\" srcset=\"http:\/\/ppg-foerderverein.de\/wp-content\/uploads\/2022\/10\/Festakt_220713_8-300x200.jpg 300w, http:\/\/ppg-foerderverein.de\/wp-content\/uploads\/2022\/10\/Festakt_220713_8-1024x683.jpg 1024w, http:\/\/ppg-foerderverein.de\/wp-content\/uploads\/2022\/10\/Festakt_220713_8-768x512.jpg 768w, http:\/\/ppg-foerderverein.de\/wp-content\/uploads\/2022\/10\/Festakt_220713_8-1536x1024.jpg 1536w, http:\/\/ppg-foerderverein.de\/wp-content\/uploads\/2022\/10\/Festakt_220713_8-2048x1365.jpg 2048w, http:\/\/ppg-foerderverein.de\/wp-content\/uploads\/2022\/10\/Festakt_220713_8-624x416.jpg 624w\" sizes=\"auto, (max-width: 300px) 100vw, 300px\" \/><\/a><\/p>\n","protected":false},"excerpt":{"rendered":"<p>Am 13.07.2022 findet das 50j\u00e4hrige Schuljubil\u00e4um auf dem Gel\u00e4nde des JGG statt. Vorf\u00fchrungen des Orchesters, interessante Redebeitr\u00e4ge und ein leckeres Buffet sind eine sch\u00f6ne Einstimmung auf das Jubil\u00e4umsschuljahr 2022\/23. \u00a0 \u00a0\u00a0 \u00a0 \u00a0 \u00a0 \u00a0 \u00a0<\/p>\n","protected":false},"author":5,"featured_media":0,"comment_status":"closed","ping_status":"closed","sticky":false,"template":"","format":"standard","meta":{"footnotes":""},"categories":[2],"tags":[],"class_list":["post-4166","post","type-post","status-publish","format-standard","hentry","category-foerderverein"],"_links":{"self":[{"href":"http:\/\/ppg-foerderverein.de\/index.php?rest_route=\/wp\/v2\/posts\/4166","targetHints":{"allow":["GET"]}}],"collection":[{"href":"http:\/\/ppg-foerderverein.de\/index.php?rest_route=\/wp\/v2\/posts"}],"about":[{"href":"http:\/\/ppg-foerderverein.de\/index.php?rest_route=\/wp\/v2\/types\/post"}],"author":[{"embeddable":true,"href":"http:\/\/ppg-foerderverein.de\/index.php?rest_route=\/wp\/v2\/users\/5"}],"replies":[{"embeddable":true,"href":"http:\/\/ppg-foerderverein.de\/index.php?rest_route=%2Fwp%2Fv2%2Fcomments&post=4166"}],"version-history":[{"count":1,"href":"http:\/\/ppg-foerderverein.de\/index.php?rest_route=\/wp\/v2\/posts\/4166\/revisions"}],"predecessor-version":[{"id":4167,"href":"http:\/\/ppg-foerderverein.de\/index.php?rest_route=\/wp\/v2\/posts\/4166\/revisions\/4167"}],"wp:attachment":[{"href":"http:\/\/ppg-foerderverein.de\/index.php?rest_route=%2Fwp%2Fv2%2Fmedia&parent=4166"}],"wp:term":[{"taxonomy":"category","embeddable":true,"href":"http:\/\/ppg-foerderverein.de\/index.php?rest_route=%2Fwp%2Fv2%2Fcategories&post=4166"},{"taxonomy":"post_tag","embeddable":true,"href":"http:\/\/ppg-foerderverein.de\/index.php?rest_route=%2Fwp%2Fv2%2Ftags&post=4166"}],"curies":[{"name":"wp","href":"https:\/\/api.w.org\/{rel}","templated":true}]}}