{"id":4025,"date":"2021-01-05T15:07:15","date_gmt":"2021-01-05T15:07:15","guid":{"rendered":"http:\/\/ppg-foerderverein.de\/?p=4025"},"modified":"2021-01-08T11:50:44","modified_gmt":"2021-01-08T11:50:44","slug":"trauer-um-roland-weiss","status":"publish","type":"post","link":"http:\/\/ppg-foerderverein.de\/?p=4025","title":{"rendered":"Trauer um Roland Wei\u00df"},"content":{"rendered":"\n<h2 class=\"wp-block-heading\"><\/h2>\n\n\n\n<div class=\"wp-block-image\"><figure class=\"aligncenter size-large\"><img loading=\"lazy\" decoding=\"async\" width=\"541\" height=\"406\" src=\"http:\/\/ppg-foerderverein.de\/wp-content\/uploads\/2021\/01\/2008-Elternforum-Umbau-4.jpg\" alt=\"\" class=\"wp-image-4046\" srcset=\"http:\/\/ppg-foerderverein.de\/wp-content\/uploads\/2021\/01\/2008-Elternforum-Umbau-4.jpg 541w, http:\/\/ppg-foerderverein.de\/wp-content\/uploads\/2021\/01\/2008-Elternforum-Umbau-4-300x225.jpg 300w\" sizes=\"auto, (max-width: 541px) 100vw, 541px\" \/><figcaption><span class=\"has-inline-color has-white-color\">xxxxxxxxxxxxxxxxxxxxxxxxxxxxxxxxx<\/span>24.01.1956 <span class=\"has-inline-color has-white-color\">xxxxxxxxxxxxxxxxxxx<\/span> 28.12.2020                   <\/figcaption><\/figure><\/div>\n\n\n\n<p class=\"has-text-align-center\"><\/p>\n\n\n\n<p>Mit gro\u00dfer Best\u00fcrzung haben wir vom Tod des langj\u00e4hrigen Elternbeiratsvorsitzenden des Peter-Petersen-Gymnasiums Herrn Roland Wei\u00df erfahren. Seit dem Schuljahr 1997\/98 war er in der Elternarbeit an unserer Schule t\u00e4tig, zun\u00e4chst als Klassenelternvertreter in der Klasse seiner \u00e4lteren Tochter Katharina. Im Schuljahr 2000\/2001 wurde er zum Elternbeiratsvorsitzenden und damit auch zum stellvertretenden Vorsitzenden der Schulkonferenz gew\u00e4hlt. In seiner 8-j\u00e4hrigen Amtszeit hat er vertrauensvoll und engagiert mit der Schulleitung zusammengearbeitet, viele Projekte initiiert, P\u00e4dagogische Tage wie zum Beispiel zum Thema \u201eMobbing in der Schule\u201c oder\u00a0 \u201eWie geht man um mit ADHS?\u201c organisiert. <\/p>\n\n\n\n<p>F\u00fcr die Vereinigung der Freunde des Peter-Petersen-Gymnasiums \u00fcbernahm er das Amt des Schatzmeisters in den Jahren 2002 bis 2004. Er beriet die Schule auch als politischer Mandatstr\u00e4ger bei der Rochade Sch\u00f6nau und den Planungen f\u00fcr den Umbau. Mit Herrn Roland Wei\u00df verlieren wir eine engagierte Pers\u00f6nlichkeit, die sich f\u00fcr das Wohl der Schule, wann und wo immer es f\u00fcr ihn m\u00f6glich war, einsetzte, aber auch einen dem Mitmenschen freundlich zugewandten, einen positiv denkenden, einen zupackenden und charismatischen Menschen. Wir danken f\u00fcr die Zeit, die wir mit ihm zusammenarbeiten konnten und werden ihm ein ehrendes Andenken bewahren.<\/p>\n\n\n\n<p class=\"has-text-align-right\"><em>&nbsp;&nbsp;&nbsp;&nbsp;&nbsp;&nbsp;&nbsp;&nbsp;&nbsp;&nbsp;&nbsp;&nbsp;&nbsp;&nbsp;&nbsp;&nbsp;&nbsp;&nbsp;&nbsp;&nbsp;&nbsp;&nbsp;&nbsp;&nbsp;&nbsp;&nbsp;&nbsp;&nbsp;&nbsp;&nbsp;&nbsp;&nbsp;&nbsp;&nbsp;&nbsp;&nbsp;&nbsp;&nbsp;&nbsp;&nbsp;&nbsp;&nbsp;&nbsp;&nbsp;&nbsp;&nbsp;&nbsp;&nbsp;                                       Dr. Ingo Leichert, Schulleiter 1992 -2016<\/em><\/p>\n\n\n\n<p><\/p>\n\n\n\n<p>                                                                                        <\/p>\n\n\n\n<figure class=\"wp-block-gallery columns-2 is-cropped wp-block-gallery-1 is-layout-flex wp-block-gallery-is-layout-flex\"><ul class=\"blocks-gallery-grid\"><li class=\"blocks-gallery-item\"><figure><img loading=\"lazy\" decoding=\"async\" width=\"1024\" height=\"683\" src=\"http:\/\/ppg-foerderverein.de\/wp-content\/uploads\/2018\/05\/Ausfl03_19a-1024x683-1024x683.jpg\" alt=\"\" data-id=\"2276\" data-full-url=\"http:\/\/ppg-foerderverein.de\/wp-content\/uploads\/2018\/05\/Ausfl03_19a-1024x683.jpg\" data-link=\"http:\/\/ppg-foerderverein.de\/?attachment_id=2276\" class=\"wp-image-2276\" srcset=\"http:\/\/ppg-foerderverein.de\/wp-content\/uploads\/2018\/05\/Ausfl03_19a-1024x683.jpg 1024w, http:\/\/ppg-foerderverein.de\/wp-content\/uploads\/2018\/05\/Ausfl03_19a-1024x683-300x200.jpg 300w, http:\/\/ppg-foerderverein.de\/wp-content\/uploads\/2018\/05\/Ausfl03_19a-1024x683-768x512.jpg 768w, http:\/\/ppg-foerderverein.de\/wp-content\/uploads\/2018\/05\/Ausfl03_19a-1024x683-624x416.jpg 624w\" sizes=\"auto, (max-width: 1024px) 100vw, 1024px\" \/><figcaption class=\"blocks-gallery-item__caption\">2003  Bei der Herbstwanderung des F\u00f6rdervereins in der S\u00fcdpfalz<\/figcaption><\/figure><\/li><li class=\"blocks-gallery-item\"><figure><img loading=\"lazy\" decoding=\"async\" width=\"1024\" height=\"683\" src=\"http:\/\/ppg-foerderverein.de\/wp-content\/uploads\/2018\/05\/Ausfl03_03a-1024x683-1024x683.jpg\" alt=\"\" data-id=\"2271\" data-full-url=\"http:\/\/ppg-foerderverein.de\/wp-content\/uploads\/2018\/05\/Ausfl03_03a-1024x683.jpg\" data-link=\"http:\/\/ppg-foerderverein.de\/?attachment_id=2271\" class=\"wp-image-2271\" srcset=\"http:\/\/ppg-foerderverein.de\/wp-content\/uploads\/2018\/05\/Ausfl03_03a-1024x683.jpg 1024w, http:\/\/ppg-foerderverein.de\/wp-content\/uploads\/2018\/05\/Ausfl03_03a-1024x683-300x200.jpg 300w, http:\/\/ppg-foerderverein.de\/wp-content\/uploads\/2018\/05\/Ausfl03_03a-1024x683-768x512.jpg 768w, http:\/\/ppg-foerderverein.de\/wp-content\/uploads\/2018\/05\/Ausfl03_03a-1024x683-624x416.jpg 624w\" sizes=\"auto, (max-width: 1024px) 100vw, 1024px\" \/><figcaption class=\"blocks-gallery-item__caption\">2003  Bei der Herbstwanderung des F\u00f6rdervereins in der S\u00fcdpfalz<\/figcaption><\/figure><\/li><\/ul><\/figure>\n\n\n\n<figure class=\"wp-block-gallery columns-2 is-cropped wp-block-gallery-2 is-layout-flex wp-block-gallery-is-layout-flex\"><ul class=\"blocks-gallery-grid\"><li class=\"blocks-gallery-item\"><figure><img loading=\"lazy\" decoding=\"async\" width=\"1024\" height=\"767\" src=\"http:\/\/ppg-foerderverein.de\/wp-content\/uploads\/2021\/01\/2004-Blaeserkonzert-b-1024x767.jpg\" alt=\"2004\" data-id=\"4031\" data-full-url=\"http:\/\/ppg-foerderverein.de\/wp-content\/uploads\/2021\/01\/2004-Blaeserkonzert-b.jpg\" data-link=\"http:\/\/ppg-foerderverein.de\/?attachment_id=4031\" class=\"wp-image-4031\" srcset=\"http:\/\/ppg-foerderverein.de\/wp-content\/uploads\/2021\/01\/2004-Blaeserkonzert-b-1024x767.jpg 1024w, http:\/\/ppg-foerderverein.de\/wp-content\/uploads\/2021\/01\/2004-Blaeserkonzert-b-300x225.jpg 300w, http:\/\/ppg-foerderverein.de\/wp-content\/uploads\/2021\/01\/2004-Blaeserkonzert-b-768x576.jpg 768w, http:\/\/ppg-foerderverein.de\/wp-content\/uploads\/2021\/01\/2004-Blaeserkonzert-b-1536x1151.jpg 1536w, http:\/\/ppg-foerderverein.de\/wp-content\/uploads\/2021\/01\/2004-Blaeserkonzert-b-2048x1535.jpg 2048w, http:\/\/ppg-foerderverein.de\/wp-content\/uploads\/2021\/01\/2004-Blaeserkonzert-b-624x468.jpg 624w\" sizes=\"auto, (max-width: 1024px) 100vw, 1024px\" \/><figcaption class=\"blocks-gallery-item__caption\">2004  Beim Bl\u00e4serkonzert mit Spender Karlheinz Schie\u00df und Schulleiter Dr. Ingo Leichert<\/figcaption><\/figure><\/li><li class=\"blocks-gallery-item\"><figure><img loading=\"lazy\" decoding=\"async\" width=\"1024\" height=\"768\" src=\"http:\/\/ppg-foerderverein.de\/wp-content\/uploads\/2021\/01\/2008-Elternforum-Annette-Rudolph-Cleff-Umbau-b-1024x768.jpg\" alt=\"2008\" data-id=\"4030\" data-full-url=\"http:\/\/ppg-foerderverein.de\/wp-content\/uploads\/2021\/01\/2008-Elternforum-Annette-Rudolph-Cleff-Umbau-b.jpg\" data-link=\"http:\/\/ppg-foerderverein.de\/?attachment_id=4030\" class=\"wp-image-4030\" srcset=\"http:\/\/ppg-foerderverein.de\/wp-content\/uploads\/2021\/01\/2008-Elternforum-Annette-Rudolph-Cleff-Umbau-b-1024x768.jpg 1024w, http:\/\/ppg-foerderverein.de\/wp-content\/uploads\/2021\/01\/2008-Elternforum-Annette-Rudolph-Cleff-Umbau-b-300x225.jpg 300w, http:\/\/ppg-foerderverein.de\/wp-content\/uploads\/2021\/01\/2008-Elternforum-Annette-Rudolph-Cleff-Umbau-b-768x576.jpg 768w, http:\/\/ppg-foerderverein.de\/wp-content\/uploads\/2021\/01\/2008-Elternforum-Annette-Rudolph-Cleff-Umbau-b-624x468.jpg 624w, http:\/\/ppg-foerderverein.de\/wp-content\/uploads\/2021\/01\/2008-Elternforum-Annette-Rudolph-Cleff-Umbau-b.jpg 1378w\" sizes=\"auto, (max-width: 1024px) 100vw, 1024px\" \/><figcaption class=\"blocks-gallery-item__caption\">2008  Beim Elternforum zum Umbau mit der Architektin Prof. Dr. Annette Rudolph-Cleff<\/figcaption><\/figure><\/li><\/ul><\/figure>\n\n\n\n<figure class=\"wp-block-gallery columns-2 is-cropped wp-block-gallery-3 is-layout-flex wp-block-gallery-is-layout-flex\"><ul class=\"blocks-gallery-grid\"><li class=\"blocks-gallery-item\"><figure><img loading=\"lazy\" decoding=\"async\" width=\"1024\" height=\"768\" src=\"http:\/\/ppg-foerderverein.de\/wp-content\/uploads\/2021\/01\/2009-Abiball-Baumhain-a2-1024x768.jpg\" alt=\"\" data-id=\"4029\" data-full-url=\"http:\/\/ppg-foerderverein.de\/wp-content\/uploads\/2021\/01\/2009-Abiball-Baumhain-a2.jpg\" data-link=\"http:\/\/ppg-foerderverein.de\/?attachment_id=4029\" class=\"wp-image-4029\" srcset=\"http:\/\/ppg-foerderverein.de\/wp-content\/uploads\/2021\/01\/2009-Abiball-Baumhain-a2-1024x768.jpg 1024w, http:\/\/ppg-foerderverein.de\/wp-content\/uploads\/2021\/01\/2009-Abiball-Baumhain-a2-300x225.jpg 300w, http:\/\/ppg-foerderverein.de\/wp-content\/uploads\/2021\/01\/2009-Abiball-Baumhain-a2-768x576.jpg 768w, http:\/\/ppg-foerderverein.de\/wp-content\/uploads\/2021\/01\/2009-Abiball-Baumhain-a2-1536x1152.jpg 1536w, http:\/\/ppg-foerderverein.de\/wp-content\/uploads\/2021\/01\/2009-Abiball-Baumhain-a2-624x468.jpg 624w, http:\/\/ppg-foerderverein.de\/wp-content\/uploads\/2021\/01\/2009-Abiball-Baumhain-a2.jpg 1577w\" sizes=\"auto, (max-width: 1024px) 100vw, 1024px\" \/><figcaption class=\"blocks-gallery-item__caption\">2009  Bei der Verabschiedung der Abiturienten, u.a. seiner j\u00fcngeren Tochter Lena, im Baumhain<\/figcaption><\/figure><\/li><li class=\"blocks-gallery-item\"><figure><img loading=\"lazy\" decoding=\"async\" width=\"1024\" height=\"768\" src=\"http:\/\/ppg-foerderverein.de\/wp-content\/uploads\/2021\/01\/2009-Verabschiedung-Roland-weiss-Schulfest-09b--1024x768.jpg\" alt=\"\" data-id=\"4028\" data-full-url=\"http:\/\/ppg-foerderverein.de\/wp-content\/uploads\/2021\/01\/2009-Verabschiedung-Roland-weiss-Schulfest-09b-.jpg\" data-link=\"http:\/\/ppg-foerderverein.de\/?attachment_id=4028\" class=\"wp-image-4028\" srcset=\"http:\/\/ppg-foerderverein.de\/wp-content\/uploads\/2021\/01\/2009-Verabschiedung-Roland-weiss-Schulfest-09b--1024x768.jpg 1024w, http:\/\/ppg-foerderverein.de\/wp-content\/uploads\/2021\/01\/2009-Verabschiedung-Roland-weiss-Schulfest-09b--300x225.jpg 300w, http:\/\/ppg-foerderverein.de\/wp-content\/uploads\/2021\/01\/2009-Verabschiedung-Roland-weiss-Schulfest-09b--768x576.jpg 768w, http:\/\/ppg-foerderverein.de\/wp-content\/uploads\/2021\/01\/2009-Verabschiedung-Roland-weiss-Schulfest-09b--624x468.jpg 624w, http:\/\/ppg-foerderverein.de\/wp-content\/uploads\/2021\/01\/2009-Verabschiedung-Roland-weiss-Schulfest-09b-.jpg 1515w\" sizes=\"auto, (max-width: 1024px) 100vw, 1024px\" \/><figcaption class=\"blocks-gallery-item__caption\">2009  Verabschiedung als Elternbeiratsvorsitzender durch die Schulleitung beim Sommerfest<\/figcaption><\/figure><\/li><\/ul><\/figure>\n\n\n\n<figure class=\"wp-block-gallery columns-2 is-cropped wp-block-gallery-4 is-layout-flex wp-block-gallery-is-layout-flex\"><ul class=\"blocks-gallery-grid\"><li class=\"blocks-gallery-item\"><figure><img loading=\"lazy\" decoding=\"async\" width=\"1024\" height=\"768\" src=\"http:\/\/ppg-foerderverein.de\/wp-content\/uploads\/2021\/01\/2010-Leichert-Geba.-1024x768.jpg\" alt=\"\" data-id=\"4027\" data-full-url=\"http:\/\/ppg-foerderverein.de\/wp-content\/uploads\/2021\/01\/2010-Leichert-Geba..jpg\" data-link=\"http:\/\/ppg-foerderverein.de\/?attachment_id=4027\" class=\"wp-image-4027\" srcset=\"http:\/\/ppg-foerderverein.de\/wp-content\/uploads\/2021\/01\/2010-Leichert-Geba.-1024x768.jpg 1024w, http:\/\/ppg-foerderverein.de\/wp-content\/uploads\/2021\/01\/2010-Leichert-Geba.-300x225.jpg 300w, http:\/\/ppg-foerderverein.de\/wp-content\/uploads\/2021\/01\/2010-Leichert-Geba.-768x576.jpg 768w, http:\/\/ppg-foerderverein.de\/wp-content\/uploads\/2021\/01\/2010-Leichert-Geba.-1536x1152.jpg 1536w, http:\/\/ppg-foerderverein.de\/wp-content\/uploads\/2021\/01\/2010-Leichert-Geba.-624x468.jpg 624w, http:\/\/ppg-foerderverein.de\/wp-content\/uploads\/2021\/01\/2010-Leichert-Geba..jpg 1771w\" sizes=\"auto, (max-width: 1024px) 100vw, 1024px\" \/><figcaption class=\"blocks-gallery-item__caption\">2010  Beim 60. Geburtstag des Schulleiters <br>als Elternvertreter<\/figcaption><\/figure><\/li><li class=\"blocks-gallery-item\"><figure><img loading=\"lazy\" decoding=\"async\" width=\"1024\" height=\"768\" src=\"http:\/\/ppg-foerderverein.de\/wp-content\/uploads\/2021\/01\/2018-FoeV-Mitglieder-versammlung-2a-1024x768.jpg\" alt=\"\" data-id=\"4026\" data-full-url=\"http:\/\/ppg-foerderverein.de\/wp-content\/uploads\/2021\/01\/2018-FoeV-Mitglieder-versammlung-2a-scaled.jpg\" data-link=\"http:\/\/ppg-foerderverein.de\/?attachment_id=4026\" class=\"wp-image-4026\" srcset=\"http:\/\/ppg-foerderverein.de\/wp-content\/uploads\/2021\/01\/2018-FoeV-Mitglieder-versammlung-2a-1024x768.jpg 1024w, http:\/\/ppg-foerderverein.de\/wp-content\/uploads\/2021\/01\/2018-FoeV-Mitglieder-versammlung-2a-300x225.jpg 300w, http:\/\/ppg-foerderverein.de\/wp-content\/uploads\/2021\/01\/2018-FoeV-Mitglieder-versammlung-2a-768x576.jpg 768w, http:\/\/ppg-foerderverein.de\/wp-content\/uploads\/2021\/01\/2018-FoeV-Mitglieder-versammlung-2a-1536x1152.jpg 1536w, http:\/\/ppg-foerderverein.de\/wp-content\/uploads\/2021\/01\/2018-FoeV-Mitglieder-versammlung-2a-2048x1536.jpg 2048w, http:\/\/ppg-foerderverein.de\/wp-content\/uploads\/2021\/01\/2018-FoeV-Mitglieder-versammlung-2a-624x468.jpg 624w\" sizes=\"auto, (max-width: 1024px) 100vw, 1024px\" \/><figcaption class=\"blocks-gallery-item__caption\"> 2018  Bei der Mitgliederversammlung des F\u00f6rdervereins<\/figcaption><\/figure><\/li><\/ul><\/figure>\n","protected":false},"excerpt":{"rendered":"<p>Mit gro\u00dfer Best\u00fcrzung haben wir vom Tod des langj\u00e4hrigen Elternbeiratsvorsitzenden des Peter-Petersen-Gymnasiums Herrn Roland Wei\u00df erfahren. Seit dem Schuljahr 1997\/98 war er in der Elternarbeit an unserer Schule t\u00e4tig, zun\u00e4chst als Klassenelternvertreter in der Klasse seiner \u00e4lteren Tochter Katharina. Im Schuljahr 2000\/2001 wurde er zum Elternbeiratsvorsitzenden und damit auch zum stellvertretenden Vorsitzenden der Schulkonferenz gew\u00e4hlt. [&hellip;]<\/p>\n","protected":false},"author":3,"featured_media":0,"comment_status":"closed","ping_status":"closed","sticky":false,"template":"","format":"standard","meta":{"footnotes":""},"categories":[2],"tags":[],"class_list":["post-4025","post","type-post","status-publish","format-standard","hentry","category-foerderverein"],"_links":{"self":[{"href":"http:\/\/ppg-foerderverein.de\/index.php?rest_route=\/wp\/v2\/posts\/4025","targetHints":{"allow":["GET"]}}],"collection":[{"href":"http:\/\/ppg-foerderverein.de\/index.php?rest_route=\/wp\/v2\/posts"}],"about":[{"href":"http:\/\/ppg-foerderverein.de\/index.php?rest_route=\/wp\/v2\/types\/post"}],"author":[{"embeddable":true,"href":"http:\/\/ppg-foerderverein.de\/index.php?rest_route=\/wp\/v2\/users\/3"}],"replies":[{"embeddable":true,"href":"http:\/\/ppg-foerderverein.de\/index.php?rest_route=%2Fwp%2Fv2%2Fcomments&post=4025"}],"version-history":[{"count":40,"href":"http:\/\/ppg-foerderverein.de\/index.php?rest_route=\/wp\/v2\/posts\/4025\/revisions"}],"predecessor-version":[{"id":4079,"href":"http:\/\/ppg-foerderverein.de\/index.php?rest_route=\/wp\/v2\/posts\/4025\/revisions\/4079"}],"wp:attachment":[{"href":"http:\/\/ppg-foerderverein.de\/index.php?rest_route=%2Fwp%2Fv2%2Fmedia&parent=4025"}],"wp:term":[{"taxonomy":"category","embeddable":true,"href":"http:\/\/ppg-foerderverein.de\/index.php?rest_route=%2Fwp%2Fv2%2Fcategories&post=4025"},{"taxonomy":"post_tag","embeddable":true,"href":"http:\/\/ppg-foerderverein.de\/index.php?rest_route=%2Fwp%2Fv2%2Ftags&post=4025"}],"curies":[{"name":"wp","href":"https:\/\/api.w.org\/{rel}","templated":true}]}}