{"id":3951,"date":"2020-11-19T11:14:53","date_gmt":"2020-11-19T11:14:53","guid":{"rendered":"http:\/\/ppg-foerderverein.de\/?p=3951"},"modified":"2020-11-19T11:28:35","modified_gmt":"2020-11-19T11:28:35","slug":"in-zeiten-von-corona","status":"publish","type":"post","link":"http:\/\/ppg-foerderverein.de\/?p=3951","title":{"rendered":"In Zeiten von Corona"},"content":{"rendered":"\n<p>Auch wenn Schulveranstaltungen, die in der Regel mit Unterst\u00fctzung des F\u00f6rdervereins stattfinden wie beispielsweise Tag der Offenen T\u00fcr, Lange Nacht der Musen, Sommerfest und Begr\u00fc\u00dfung der neuen F\u00fcnftkl\u00e4ssler, Pandemie bedingt abgesagt werden mussten und die j\u00e4hrliche Mitgliederversammlung mit Neuwahl des Vorstandes bereits zweimal verschoben werden musste, geht die Arbeit des bisherigen F\u00f6V-Vorstandes kontinuierlich weiter. Die regelm\u00e4\u00dfigen Vorstandssitzungen finden \u00fcberwiegend als Videokonferenzen statt.<\/p>\n\n\n\n<figure class=\"wp-block-image size-large\"><img loading=\"lazy\" decoding=\"async\" width=\"1024\" height=\"576\" src=\"http:\/\/ppg-foerderverein.de\/wp-content\/uploads\/2020\/11\/20201112_204619-1024x576.jpg\" alt=\"\" class=\"wp-image-3948\" srcset=\"http:\/\/ppg-foerderverein.de\/wp-content\/uploads\/2020\/11\/20201112_204619-1024x576.jpg 1024w, http:\/\/ppg-foerderverein.de\/wp-content\/uploads\/2020\/11\/20201112_204619-300x169.jpg 300w, http:\/\/ppg-foerderverein.de\/wp-content\/uploads\/2020\/11\/20201112_204619-768x432.jpg 768w, http:\/\/ppg-foerderverein.de\/wp-content\/uploads\/2020\/11\/20201112_204619-1536x864.jpg 1536w, http:\/\/ppg-foerderverein.de\/wp-content\/uploads\/2020\/11\/20201112_204619-2048x1152.jpg 2048w, http:\/\/ppg-foerderverein.de\/wp-content\/uploads\/2020\/11\/20201112_204619-624x351.jpg 624w\" sizes=\"auto, (max-width: 1024px) 100vw, 1024px\" \/><figcaption>Vorstandssitzung am 12.11.2020<\/figcaption><\/figure>\n","protected":false},"excerpt":{"rendered":"<p>Auch wenn Schulveranstaltungen, die in der Regel mit Unterst\u00fctzung des F\u00f6rdervereins stattfinden wie beispielsweise Tag der Offenen T\u00fcr, Lange Nacht der Musen, Sommerfest und Begr\u00fc\u00dfung der neuen F\u00fcnftkl\u00e4ssler, Pandemie bedingt abgesagt werden mussten und die j\u00e4hrliche Mitgliederversammlung mit Neuwahl des Vorstandes bereits zweimal verschoben werden musste, geht die Arbeit des bisherigen F\u00f6V-Vorstandes kontinuierlich weiter. Die [&hellip;]<\/p>\n","protected":false},"author":3,"featured_media":0,"comment_status":"closed","ping_status":"closed","sticky":false,"template":"","format":"standard","meta":{"footnotes":""},"categories":[2],"tags":[],"class_list":["post-3951","post","type-post","status-publish","format-standard","hentry","category-foerderverein"],"_links":{"self":[{"href":"http:\/\/ppg-foerderverein.de\/index.php?rest_route=\/wp\/v2\/posts\/3951","targetHints":{"allow":["GET"]}}],"collection":[{"href":"http:\/\/ppg-foerderverein.de\/index.php?rest_route=\/wp\/v2\/posts"}],"about":[{"href":"http:\/\/ppg-foerderverein.de\/index.php?rest_route=\/wp\/v2\/types\/post"}],"author":[{"embeddable":true,"href":"http:\/\/ppg-foerderverein.de\/index.php?rest_route=\/wp\/v2\/users\/3"}],"replies":[{"embeddable":true,"href":"http:\/\/ppg-foerderverein.de\/index.php?rest_route=%2Fwp%2Fv2%2Fcomments&post=3951"}],"version-history":[{"count":4,"href":"http:\/\/ppg-foerderverein.de\/index.php?rest_route=\/wp\/v2\/posts\/3951\/revisions"}],"predecessor-version":[{"id":3955,"href":"http:\/\/ppg-foerderverein.de\/index.php?rest_route=\/wp\/v2\/posts\/3951\/revisions\/3955"}],"wp:attachment":[{"href":"http:\/\/ppg-foerderverein.de\/index.php?rest_route=%2Fwp%2Fv2%2Fmedia&parent=3951"}],"wp:term":[{"taxonomy":"category","embeddable":true,"href":"http:\/\/ppg-foerderverein.de\/index.php?rest_route=%2Fwp%2Fv2%2Fcategories&post=3951"},{"taxonomy":"post_tag","embeddable":true,"href":"http:\/\/ppg-foerderverein.de\/index.php?rest_route=%2Fwp%2Fv2%2Ftags&post=3951"}],"curies":[{"name":"wp","href":"https:\/\/api.w.org\/{rel}","templated":true}]}}