{"id":3786,"date":"2020-10-04T12:53:00","date_gmt":"2020-10-04T12:53:00","guid":{"rendered":"http:\/\/ppg-foerderverein.de\/?p=3786"},"modified":"2020-10-22T08:11:38","modified_gmt":"2020-10-22T08:11:38","slug":"ankuendigung","status":"publish","type":"post","link":"http:\/\/ppg-foerderverein.de\/?p=3786","title":{"rendered":"Termin Mitgliederversammlung"},"content":{"rendered":"\n<p>Die 45. Mitgliederversammlung des F\u00f6V mit Neuwahl des Vorstandes findet am Donnerstag, 12.11.2020 um 19.30 Uhr statt. Im Vorfeld wird um 19.00 Uhr eine F\u00fchrung durch das neue Verwaltungsgeb\u00e4ude angeboten. Eine Einladung wird rechtzeitig an die Mitglieder verschickt.<\/p>\n\n\n\n<figure class=\"wp-block-image size-large is-resized\"><img loading=\"lazy\" decoding=\"async\" src=\"http:\/\/ppg-foerderverein.de\/wp-content\/uploads\/2020\/10\/20200708_192828-1-1024x576.jpg\" alt=\"\" class=\"wp-image-3792\" width=\"538\" height=\"302\" srcset=\"http:\/\/ppg-foerderverein.de\/wp-content\/uploads\/2020\/10\/20200708_192828-1-1024x576.jpg 1024w, http:\/\/ppg-foerderverein.de\/wp-content\/uploads\/2020\/10\/20200708_192828-1-300x169.jpg 300w, http:\/\/ppg-foerderverein.de\/wp-content\/uploads\/2020\/10\/20200708_192828-1-768x432.jpg 768w, http:\/\/ppg-foerderverein.de\/wp-content\/uploads\/2020\/10\/20200708_192828-1-1536x864.jpg 1536w, http:\/\/ppg-foerderverein.de\/wp-content\/uploads\/2020\/10\/20200708_192828-1-2048x1152.jpg 2048w, http:\/\/ppg-foerderverein.de\/wp-content\/uploads\/2020\/10\/20200708_192828-1-624x351.jpg 624w\" sizes=\"auto, (max-width: 538px) 100vw, 538px\" \/><figcaption>Das neue Verwaltungsgeb\u00e4ude (September 2020), Umbau  2018-2020<\/figcaption><\/figure>\n\n\n\n<figure class=\"wp-block-image size-large is-resized\"><img loading=\"lazy\" decoding=\"async\" src=\"http:\/\/ppg-foerderverein.de\/wp-content\/uploads\/2020\/10\/IMG_5713-1024x768.jpg\" alt=\"\" class=\"wp-image-3797\" width=\"544\" height=\"407\" srcset=\"http:\/\/ppg-foerderverein.de\/wp-content\/uploads\/2020\/10\/IMG_5713-1024x768.jpg 1024w, http:\/\/ppg-foerderverein.de\/wp-content\/uploads\/2020\/10\/IMG_5713-300x225.jpg 300w, http:\/\/ppg-foerderverein.de\/wp-content\/uploads\/2020\/10\/IMG_5713-768x576.jpg 768w, http:\/\/ppg-foerderverein.de\/wp-content\/uploads\/2020\/10\/IMG_5713-1536x1152.jpg 1536w, http:\/\/ppg-foerderverein.de\/wp-content\/uploads\/2020\/10\/IMG_5713-2048x1536.jpg 2048w, http:\/\/ppg-foerderverein.de\/wp-content\/uploads\/2020\/10\/IMG_5713-624x468.jpg 624w\" sizes=\"auto, (max-width: 544px) 100vw, 544px\" \/><figcaption>Das alte Fachklassen- und Verwaltungsgeb\u00e4ude (1976-2018)                                        <br>Fotos: J. Csongr\u00e1dy<\/figcaption><\/figure>\n\n\n\n<p><\/p>\n","protected":false},"excerpt":{"rendered":"<p>Die 45. Mitgliederversammlung des F\u00f6V mit Neuwahl des Vorstandes findet am Donnerstag, 12.11.2020 um 19.30 Uhr statt. Im Vorfeld wird um 19.00 Uhr eine F\u00fchrung durch das neue Verwaltungsgeb\u00e4ude angeboten. Eine Einladung wird rechtzeitig an die Mitglieder verschickt.<\/p>\n","protected":false},"author":3,"featured_media":0,"comment_status":"closed","ping_status":"closed","sticky":false,"template":"","format":"standard","meta":{"footnotes":""},"categories":[2],"tags":[],"class_list":["post-3786","post","type-post","status-publish","format-standard","hentry","category-foerderverein"],"_links":{"self":[{"href":"http:\/\/ppg-foerderverein.de\/index.php?rest_route=\/wp\/v2\/posts\/3786","targetHints":{"allow":["GET"]}}],"collection":[{"href":"http:\/\/ppg-foerderverein.de\/index.php?rest_route=\/wp\/v2\/posts"}],"about":[{"href":"http:\/\/ppg-foerderverein.de\/index.php?rest_route=\/wp\/v2\/types\/post"}],"author":[{"embeddable":true,"href":"http:\/\/ppg-foerderverein.de\/index.php?rest_route=\/wp\/v2\/users\/3"}],"replies":[{"embeddable":true,"href":"http:\/\/ppg-foerderverein.de\/index.php?rest_route=%2Fwp%2Fv2%2Fcomments&post=3786"}],"version-history":[{"count":13,"href":"http:\/\/ppg-foerderverein.de\/index.php?rest_route=\/wp\/v2\/posts\/3786\/revisions"}],"predecessor-version":[{"id":3856,"href":"http:\/\/ppg-foerderverein.de\/index.php?rest_route=\/wp\/v2\/posts\/3786\/revisions\/3856"}],"wp:attachment":[{"href":"http:\/\/ppg-foerderverein.de\/index.php?rest_route=%2Fwp%2Fv2%2Fmedia&parent=3786"}],"wp:term":[{"taxonomy":"category","embeddable":true,"href":"http:\/\/ppg-foerderverein.de\/index.php?rest_route=%2Fwp%2Fv2%2Fcategories&post=3786"},{"taxonomy":"post_tag","embeddable":true,"href":"http:\/\/ppg-foerderverein.de\/index.php?rest_route=%2Fwp%2Fv2%2Ftags&post=3786"}],"curies":[{"name":"wp","href":"https:\/\/api.w.org\/{rel}","templated":true}]}}