{"id":188,"date":"2017-01-06T21:01:47","date_gmt":"2017-01-06T21:01:47","guid":{"rendered":"http:\/\/ppg-foerderverein.de\/?p=188"},"modified":"2018-02-08T10:25:23","modified_gmt":"2018-02-08T10:25:23","slug":"ein-frohes-neus-jahr","status":"publish","type":"post","link":"http:\/\/ppg-foerderverein.de\/?p=188","title":{"rendered":"R\u00fcckblick 2016 &#8211; Ausblick 2017"},"content":{"rendered":"<p>Ein frohes Neues Jahr 2017 w\u00fcnscht der F\u00f6rderverein all seinen Mitgliedern und auch allen anderen!<\/p>\n<p>Das alte Jahr brachte einige Ver\u00e4nderungen ans JGG.<\/p>\n<p>Die komplette Direktion wurde am Ende des Schuljahres 2015\/16 schweren Herzens in den wohl verdienten Ruhestand verabschiedet. Obwohl dies schon ein Weilchen her ist, m\u00f6chten wir an dieser Stelle nochmals Herrn Dr. Leichert und Frau Csongrady f\u00fcr ihre jahrelange, unerm\u00fcdliche T\u00e4tigkeit an der Schule herzlich danken. Sie hinterlassen ein gro\u00dfe L\u00fccke, die es in diesem Jahr zu f\u00fcllen gilt.\u00a0<!--more--><\/p>\n<p><em>Nach 24 Jahren als Schulleiter wurde OStD Dr. Ingo Leichert am 14. Juli 2016 offiziell aus dem aktiven Schuldienst verabschiedet. Die Abschiedsworte des F\u00f6rdervereins \u00fcberbrachte J\u00fcrgen Bartels, 1. Vorsitzender des Vereins.<\/em><\/p>\n<p><a href=\"http:\/\/ppg-foerderverein.de\/wp-content\/uploads\/2017\/01\/Abschiedsrede-J.-Bartels-Lei-Korr..pdf\"><span style=\"color: #99cc00;\"><strong><em><span style=\"color: #99cc00;\">Abschiedsrede von J\u00fcrgen Bartels<\/span><\/em><\/strong><\/span><\/a><\/p>\n<p><a href=\"http:\/\/ppg-foerderverein.de\/wp-content\/uploads\/2017\/10\/E7D_4353.jpg\"><img loading=\"lazy\" decoding=\"async\" class=\"alignnone size-medium wp-image-294\" src=\"http:\/\/ppg-foerderverein.de\/wp-content\/uploads\/2017\/10\/E7D_4353-300x200.jpg\" alt=\"\" width=\"300\" height=\"200\" srcset=\"http:\/\/ppg-foerderverein.de\/wp-content\/uploads\/2017\/10\/E7D_4353-300x200.jpg 300w, http:\/\/ppg-foerderverein.de\/wp-content\/uploads\/2017\/10\/E7D_4353-768x512.jpg 768w, http:\/\/ppg-foerderverein.de\/wp-content\/uploads\/2017\/10\/E7D_4353-1024x683.jpg 1024w, http:\/\/ppg-foerderverein.de\/wp-content\/uploads\/2017\/10\/E7D_4353-624x416.jpg 624w, http:\/\/ppg-foerderverein.de\/wp-content\/uploads\/2017\/10\/E7D_4353.jpg 1296w\" sizes=\"auto, (max-width: 300px) 100vw, 300px\" \/><\/a> <a href=\"http:\/\/ppg-foerderverein.de\/wp-content\/uploads\/2017\/01\/E7D_4343_Bartels_FV.jpg\"><img loading=\"lazy\" decoding=\"async\" class=\"alignnone wp-image-283\" src=\"http:\/\/ppg-foerderverein.de\/wp-content\/uploads\/2017\/01\/E7D_4343_Bartels_FV-300x200.jpg\" alt=\"\" width=\"300\" height=\"200\" srcset=\"http:\/\/ppg-foerderverein.de\/wp-content\/uploads\/2017\/01\/E7D_4343_Bartels_FV-300x200.jpg 300w, http:\/\/ppg-foerderverein.de\/wp-content\/uploads\/2017\/01\/E7D_4343_Bartels_FV-768x512.jpg 768w, http:\/\/ppg-foerderverein.de\/wp-content\/uploads\/2017\/01\/E7D_4343_Bartels_FV-1024x683.jpg 1024w, http:\/\/ppg-foerderverein.de\/wp-content\/uploads\/2017\/01\/E7D_4343_Bartels_FV-624x416.jpg 624w, http:\/\/ppg-foerderverein.de\/wp-content\/uploads\/2017\/01\/E7D_4343_Bartels_FV.jpg 1296w\" sizes=\"auto, (max-width: 300px) 100vw, 300px\" \/><\/a><\/p>\n<p><a href=\"http:\/\/ppg-foerderverein.de\/wp-content\/uploads\/2017\/01\/IMG_7055-e1508523420908.jpg\"><img loading=\"lazy\" decoding=\"async\" class=\"alignnone size-medium wp-image-286\" src=\"http:\/\/ppg-foerderverein.de\/wp-content\/uploads\/2017\/01\/IMG_7055-e1508523420908-300x214.jpg\" alt=\"\" width=\"300\" height=\"214\" srcset=\"http:\/\/ppg-foerderverein.de\/wp-content\/uploads\/2017\/01\/IMG_7055-e1508523420908-300x214.jpg 300w, http:\/\/ppg-foerderverein.de\/wp-content\/uploads\/2017\/01\/IMG_7055-e1508523420908-768x548.jpg 768w, http:\/\/ppg-foerderverein.de\/wp-content\/uploads\/2017\/01\/IMG_7055-e1508523420908-1024x731.jpg 1024w, http:\/\/ppg-foerderverein.de\/wp-content\/uploads\/2017\/01\/IMG_7055-e1508523420908-624x445.jpg 624w, http:\/\/ppg-foerderverein.de\/wp-content\/uploads\/2017\/01\/IMG_7055-e1508523420908.jpg 1791w\" sizes=\"auto, (max-width: 300px) 100vw, 300px\" \/><\/a><a href=\"http:\/\/ppg-foerderverein.de\/wp-content\/uploads\/2017\/01\/E7D_4357_Bartels_FV.jpg\"><img loading=\"lazy\" decoding=\"async\" class=\"alignnone wp-image-285\" src=\"http:\/\/ppg-foerderverein.de\/wp-content\/uploads\/2017\/01\/E7D_4357_Bartels_FV-300x200.jpg\" alt=\"\" width=\"323\" height=\"215\" srcset=\"http:\/\/ppg-foerderverein.de\/wp-content\/uploads\/2017\/01\/E7D_4357_Bartels_FV-300x200.jpg 300w, http:\/\/ppg-foerderverein.de\/wp-content\/uploads\/2017\/01\/E7D_4357_Bartels_FV-768x512.jpg 768w, http:\/\/ppg-foerderverein.de\/wp-content\/uploads\/2017\/01\/E7D_4357_Bartels_FV-1024x683.jpg 1024w, http:\/\/ppg-foerderverein.de\/wp-content\/uploads\/2017\/01\/E7D_4357_Bartels_FV-624x416.jpg 624w, http:\/\/ppg-foerderverein.de\/wp-content\/uploads\/2017\/01\/E7D_4357_Bartels_FV.jpg 1296w\" sizes=\"auto, (max-width: 323px) 100vw, 323px\" \/><\/a><\/p>\n<p style=\"text-align: right;\"><em>(Fotos: Friedrich, Schrade-D.)<\/em><\/p>\n<p>Doch wie so oft bleibt nicht viel Zeit dar\u00fcber nachzusinnen, denn das Schulleben geht unbeirrt weiter. Zum Gl\u00fcck hat sich die neue Direktion, Herr Roland Haa\u00df und Herr Tim Zenker, schon eingehend in das neue Amt eingearbeitet und die damit einhergehende Verantwortung \u00fcbernommen. Die Zusammenarbeit mit dem F\u00f6rderverein l\u00e4uft auf jeden Fall gut und die Eingew\u00f6hnungsphase zwischen Schulleitung und Verein ist l\u00e4ngst abgeschlossen.<\/p>\n<p>Wir freuen uns auf ein erfolgreiches 2017 und werden, wie jedes Jahr, unser Bestes daf\u00fcr geben.<\/p>\n<p>F\u00fcr den Vorstand<\/p>\n<p>J\u00fcrgen Bartels<\/p>\n","protected":false},"excerpt":{"rendered":"<p>Ein frohes Neues Jahr 2017 w\u00fcnscht der F\u00f6rderverein all seinen Mitgliedern und auch allen anderen! Das alte Jahr brachte einige Ver\u00e4nderungen ans JGG. Die komplette Direktion wurde am Ende des Schuljahres 2015\/16 schweren Herzens in den wohl verdienten Ruhestand verabschiedet. Obwohl dies schon ein Weilchen her ist, m\u00f6chten wir an dieser Stelle nochmals Herrn Dr. [&hellip;]<\/p>\n","protected":false},"author":2,"featured_media":0,"comment_status":"closed","ping_status":"closed","sticky":false,"template":"","format":"standard","meta":{"footnotes":""},"categories":[1],"tags":[],"class_list":["post-188","post","type-post","status-publish","format-standard","hentry","category-uncategorized"],"_links":{"self":[{"href":"http:\/\/ppg-foerderverein.de\/index.php?rest_route=\/wp\/v2\/posts\/188","targetHints":{"allow":["GET"]}}],"collection":[{"href":"http:\/\/ppg-foerderverein.de\/index.php?rest_route=\/wp\/v2\/posts"}],"about":[{"href":"http:\/\/ppg-foerderverein.de\/index.php?rest_route=\/wp\/v2\/types\/post"}],"author":[{"embeddable":true,"href":"http:\/\/ppg-foerderverein.de\/index.php?rest_route=\/wp\/v2\/users\/2"}],"replies":[{"embeddable":true,"href":"http:\/\/ppg-foerderverein.de\/index.php?rest_route=%2Fwp%2Fv2%2Fcomments&post=188"}],"version-history":[{"count":27,"href":"http:\/\/ppg-foerderverein.de\/index.php?rest_route=\/wp\/v2\/posts\/188\/revisions"}],"predecessor-version":[{"id":930,"href":"http:\/\/ppg-foerderverein.de\/index.php?rest_route=\/wp\/v2\/posts\/188\/revisions\/930"}],"wp:attachment":[{"href":"http:\/\/ppg-foerderverein.de\/index.php?rest_route=%2Fwp%2Fv2%2Fmedia&parent=188"}],"wp:term":[{"taxonomy":"category","embeddable":true,"href":"http:\/\/ppg-foerderverein.de\/index.php?rest_route=%2Fwp%2Fv2%2Fcategories&post=188"},{"taxonomy":"post_tag","embeddable":true,"href":"http:\/\/ppg-foerderverein.de\/index.php?rest_route=%2Fwp%2Fv2%2Ftags&post=188"}],"curies":[{"name":"wp","href":"https:\/\/api.w.org\/{rel}","templated":true}]}}