{"id":115,"date":"2015-11-11T09:50:36","date_gmt":"2015-11-11T09:50:36","guid":{"rendered":"http:\/\/ppg-foerderverein.de\/?p=115"},"modified":"2018-01-23T11:54:41","modified_gmt":"2018-01-23T11:54:41","slug":"mitgliederversammlung-am-07-12-2015-um-19-30-uhr","status":"publish","type":"post","link":"http:\/\/ppg-foerderverein.de\/?p=115","title":{"rendered":"Termin Mitgliederversammlung"},"content":{"rendered":"<p>Hallo liebe Mitglieder,<\/p>\n<p>es ist mal wieder so weit. Die Vorbereitungen zu allj\u00e4hrlichen <strong>Mitgliederversammlung<\/strong> sind schon angelaufen.<\/p>\n<p>Termin: <strong>07.12.2015, 19.30 Uhr<\/strong>, gro\u00dfes Lehrerzimmer<\/p>\n<p>Neben der dieser \u00f6ffentlichen Anzeige wird auch nochmal separat eine eMail bzw. ein Brief an alle Mitglieder verschickt. Wir hoffen, dass es diesmal ein wenig mehr Zulauf gibt und wir die vielen interessanten Neuerungen einer gr\u00f6\u00dferen Mitgliederschar pr\u00e4sentieren k\u00f6nnen.<\/p>\n<p>Mittlerweile haben wir auch die <strong>Homepage<\/strong> um einen Formularbereich und eine \u00dcbersicht der F\u00f6rdervereinstermine erweitert. Es lohnt sich also, ab und an mal vorbeizuschauen!<\/p>\n<p>J\u00fcrgen Bartels, 1. Vorsitzender<\/p>\n","protected":false},"excerpt":{"rendered":"<p>Hallo liebe Mitglieder, es ist mal wieder so weit. Die Vorbereitungen zu allj\u00e4hrlichen Mitgliederversammlung sind schon angelaufen. Termin: 07.12.2015, 19.30 Uhr, gro\u00dfes Lehrerzimmer Neben der dieser \u00f6ffentlichen Anzeige wird auch nochmal separat eine eMail bzw. ein Brief an alle Mitglieder verschickt. Wir hoffen, dass es diesmal ein wenig mehr Zulauf gibt und wir die vielen [&hellip;]<\/p>\n","protected":false},"author":2,"featured_media":0,"comment_status":"closed","ping_status":"closed","sticky":false,"template":"","format":"standard","meta":{"footnotes":""},"categories":[1],"tags":[],"class_list":["post-115","post","type-post","status-publish","format-standard","hentry","category-uncategorized"],"_links":{"self":[{"href":"http:\/\/ppg-foerderverein.de\/index.php?rest_route=\/wp\/v2\/posts\/115","targetHints":{"allow":["GET"]}}],"collection":[{"href":"http:\/\/ppg-foerderverein.de\/index.php?rest_route=\/wp\/v2\/posts"}],"about":[{"href":"http:\/\/ppg-foerderverein.de\/index.php?rest_route=\/wp\/v2\/types\/post"}],"author":[{"embeddable":true,"href":"http:\/\/ppg-foerderverein.de\/index.php?rest_route=\/wp\/v2\/users\/2"}],"replies":[{"embeddable":true,"href":"http:\/\/ppg-foerderverein.de\/index.php?rest_route=%2Fwp%2Fv2%2Fcomments&post=115"}],"version-history":[{"count":5,"href":"http:\/\/ppg-foerderverein.de\/index.php?rest_route=\/wp\/v2\/posts\/115\/revisions"}],"predecessor-version":[{"id":811,"href":"http:\/\/ppg-foerderverein.de\/index.php?rest_route=\/wp\/v2\/posts\/115\/revisions\/811"}],"wp:attachment":[{"href":"http:\/\/ppg-foerderverein.de\/index.php?rest_route=%2Fwp%2Fv2%2Fmedia&parent=115"}],"wp:term":[{"taxonomy":"category","embeddable":true,"href":"http:\/\/ppg-foerderverein.de\/index.php?rest_route=%2Fwp%2Fv2%2Fcategories&post=115"},{"taxonomy":"post_tag","embeddable":true,"href":"http:\/\/ppg-foerderverein.de\/index.php?rest_route=%2Fwp%2Fv2%2Ftags&post=115"}],"curies":[{"name":"wp","href":"https:\/\/api.w.org\/{rel}","templated":true}]}}